{"id":192006,"date":"2024-07-04T08:05:47","date_gmt":"2024-07-04T12:05:47","guid":{"rendered":"https:\/\/mspontocom.com.br\/site\/?p=192006"},"modified":"2024-07-04T08:05:47","modified_gmt":"2024-07-04T12:05:47","slug":"bolsonaro-confirma-que-o-pl-vai-indicar-o-vice-de-beto-pereira","status":"publish","type":"post","link":"https:\/\/mspontocom.com.br\/site\/bolsonaro-confirma-que-o-pl-vai-indicar-o-vice-de-beto-pereira\/","title":{"rendered":"Bolsonaro confirma que o PL vai indicar o vice de Beto Pereira"},"content":{"rendered":"<p style=\"text-align: justify;\"><img loading=\"lazy\" class=\"alignnone size-full wp-image-192007\" src=\"https:\/\/mspontocom.com.br\/site\/wp-content\/uploads\/2024\/07\/site-bolsonaro-confirma-que-o-pl-vai-indicar-o-vice-de-beto-pereira-beto.jpeg\" alt=\"\" width=\"900\" height=\"650\" srcset=\"https:\/\/mspontocom.com.br\/site\/wp-content\/uploads\/2024\/07\/site-bolsonaro-confirma-que-o-pl-vai-indicar-o-vice-de-beto-pereira-beto.jpeg 900w, https:\/\/mspontocom.com.br\/site\/wp-content\/uploads\/2024\/07\/site-bolsonaro-confirma-que-o-pl-vai-indicar-o-vice-de-beto-pereira-beto-260x188.jpeg 260w, https:\/\/mspontocom.com.br\/site\/wp-content\/uploads\/2024\/07\/site-bolsonaro-confirma-que-o-pl-vai-indicar-o-vice-de-beto-pereira-beto-768x555.jpeg 768w\" sizes=\"(max-width: 900px) 100vw, 900px\" \/>O ex-presidente Jair Bolsonaro confirmou que o PL (Partido Liberal) \u201cest\u00e1 fechado\u201d com o PSDB para a elei\u00e7\u00e3o a prefeito em Campo Grande.<\/p>\n<p style=\"text-align: justify;\">A certeza foi dada durante conversa com o deputado estadual Coronel David (PL), nesta quarta-feira (3).<\/p>\n<p style=\"text-align: justify;\">Com isso, o partido vai indicar o candidato a vice-prefeito na chapa do pr\u00e9-candidato a prefeito dos tucanos, deputado Beto Pereira.<\/p>\n<p style=\"text-align: justify;\">Sem mencionar os colegas de partido que mostram descontentamento com a uni\u00e3o do PL com o PSDB, o deputado lembra que foi a favor de candidatura pr\u00f3pria, mas tamb\u00e9m tinha o compromisso de acatar o que fosse definido pelo ex-presidente.<\/p>\n<p style=\"text-align: justify;\">Veja mais not\u00edcias em: <a href=\"http:\/\/www.mspontocom.com.br\">www.mspontocom.com.br<\/a><\/p>\n<p style=\"text-align: justify;\">Nosso X (Twitter) @mspontocom<\/p>\n","protected":false},"excerpt":{"rendered":"<p>O ex-presidente Jair Bolsonaro confirmou que o PL (Partido Liberal) \u201cest\u00e1 fechado\u201d com o PSDB para a elei\u00e7\u00e3o a prefeito em Campo Grande. A certeza foi dada durante conversa com o deputado estadual Coronel David (PL), nesta quarta-feira (3). Com isso, o partido vai indicar o candidato a vice-prefeito na chapa do pr\u00e9-candidato a prefeito [&hellip;]<\/p>\n","protected":false},"author":2,"featured_media":192007,"comment_status":"open","ping_status":"open","sticky":false,"template":"","format":"standard","meta":{"_monsterinsights_skip_tracking":false,"_monsterinsights_sitenote_active":false,"_monsterinsights_sitenote_note":"","_monsterinsights_sitenote_category":0},"categories":[4328],"tags":[4608,21017,123,4226],"aioseo_notices":[],"_links":{"self":[{"href":"https:\/\/mspontocom.com.br\/site\/wp-json\/wp\/v2\/posts\/192006"}],"collection":[{"href":"https:\/\/mspontocom.com.br\/site\/wp-json\/wp\/v2\/posts"}],"about":[{"href":"https:\/\/mspontocom.com.br\/site\/wp-json\/wp\/v2\/types\/post"}],"author":[{"embeddable":true,"href":"https:\/\/mspontocom.com.br\/site\/wp-json\/wp\/v2\/users\/2"}],"replies":[{"embeddable":true,"href":"https:\/\/mspontocom.com.br\/site\/wp-json\/wp\/v2\/comments?post=192006"}],"version-history":[{"count":1,"href":"https:\/\/mspontocom.com.br\/site\/wp-json\/wp\/v2\/posts\/192006\/revisions"}],"predecessor-version":[{"id":192008,"href":"https:\/\/mspontocom.com.br\/site\/wp-json\/wp\/v2\/posts\/192006\/revisions\/192008"}],"wp:featuredmedia":[{"embeddable":true,"href":"https:\/\/mspontocom.com.br\/site\/wp-json\/wp\/v2\/media\/192007"}],"wp:attachment":[{"href":"https:\/\/mspontocom.com.br\/site\/wp-json\/wp\/v2\/media?parent=192006"}],"wp:term":[{"taxonomy":"category","embeddable":true,"href":"https:\/\/mspontocom.com.br\/site\/wp-json\/wp\/v2\/categories?post=192006"},{"taxonomy":"post_tag","embeddable":true,"href":"https:\/\/mspontocom.com.br\/site\/wp-json\/wp\/v2\/tags?post=192006"}],"curies":[{"name":"wp","href":"https:\/\/api.w.org\/{rel}","templated":true}]}}