{"id":192029,"date":"2024-07-05T06:27:42","date_gmt":"2024-07-05T10:27:42","guid":{"rendered":"https:\/\/mspontocom.com.br\/site\/?p=192029"},"modified":"2024-07-05T06:27:42","modified_gmt":"2024-07-05T10:27:42","slug":"pf-segue-sendo-usada-para-perseguir-bolsonaro-diz-flavio","status":"publish","type":"post","link":"https:\/\/mspontocom.com.br\/site\/pf-segue-sendo-usada-para-perseguir-bolsonaro-diz-flavio\/","title":{"rendered":"PF segue sendo usada para perseguir Bolsonaro, diz Fl\u00e1vio"},"content":{"rendered":"<p><img loading=\"lazy\" class=\"alignnone size-full wp-image-192037\" src=\"https:\/\/mspontocom.com.br\/site\/wp-content\/uploads\/2024\/07\/site-pf-segue-sendo-usada-para-perseguir-bolsonaro-diz-flavio-flavio.jpg\" alt=\"\" width=\"900\" height=\"506\" srcset=\"https:\/\/mspontocom.com.br\/site\/wp-content\/uploads\/2024\/07\/site-pf-segue-sendo-usada-para-perseguir-bolsonaro-diz-flavio-flavio.jpg 900w, https:\/\/mspontocom.com.br\/site\/wp-content\/uploads\/2024\/07\/site-pf-segue-sendo-usada-para-perseguir-bolsonaro-diz-flavio-flavio-260x146.jpg 260w, https:\/\/mspontocom.com.br\/site\/wp-content\/uploads\/2024\/07\/site-pf-segue-sendo-usada-para-perseguir-bolsonaro-diz-flavio-flavio-768x432.jpg 768w\" sizes=\"(max-width: 900px) 100vw, 900px\" \/>O senador <strong>Fl\u00e1vio Bolsonaro<\/strong> (PL-RJ) disse nesta 6\u00aa feira que \u201cum pequeno grupo\u201d da PF (Pol\u00edcia Federal) segue sendo \u201cusado\u201d para perseguir o ex-presidente Jair Bolsonaro e agora fazem <strong>\u201ctrabalho de juizado de pequenas causas\u201d.<\/strong><\/p>\n<p>\u201cQual o crit\u00e9rio para atingir candidatos apoiados por Bolsonaro? Vergonha\u201d, escreveu o senador em seu perfil no X (ex-Twitter).<\/p>\n<p>Fl\u00e1vio tamb\u00e9m disse que ele, seu pai e o pr\u00e9-candidato a Prefeitura de Duque de Caxias Netinho Reis estar\u00e3o em Duque de Caxias em 18 de julho.<\/p>\n<p><img loading=\"lazy\" class=\"alignnone size-full wp-image-192030\" src=\"https:\/\/mspontocom.com.br\/site\/wp-content\/uploads\/2024\/07\/site-flavio-bolsonaro-vacina-pf-4-7-2024.webp\" alt=\"\" width=\"1180\" height=\"534\" srcset=\"https:\/\/mspontocom.com.br\/site\/wp-content\/uploads\/2024\/07\/site-flavio-bolsonaro-vacina-pf-4-7-2024.webp 1180w, https:\/\/mspontocom.com.br\/site\/wp-content\/uploads\/2024\/07\/site-flavio-bolsonaro-vacina-pf-4-7-2024-260x118.webp 260w, https:\/\/mspontocom.com.br\/site\/wp-content\/uploads\/2024\/07\/site-flavio-bolsonaro-vacina-pf-4-7-2024-1024x463.webp 1024w, https:\/\/mspontocom.com.br\/site\/wp-content\/uploads\/2024\/07\/site-flavio-bolsonaro-vacina-pf-4-7-2024-768x348.webp 768w\" sizes=\"(max-width: 1180px) 100vw, 1180px\" \/><\/p>\n<p>Veja mais not\u00edcias em: <a href=\"http:\/\/www.mspontocom.com.br\">www.mspontocom.com.br<\/a><\/p>\n<p>Nosso X (Twitter) @mspontocom<\/p>\n","protected":false},"excerpt":{"rendered":"<p>O senador Fl\u00e1vio Bolsonaro (PL-RJ) disse nesta 6\u00aa feira que \u201cum pequeno grupo\u201d da PF (Pol\u00edcia Federal) segue sendo \u201cusado\u201d para perseguir o ex-presidente Jair Bolsonaro e agora fazem \u201ctrabalho de juizado de pequenas causas\u201d. \u201cQual o crit\u00e9rio para atingir candidatos apoiados por Bolsonaro? Vergonha\u201d, escreveu o senador em seu perfil no X (ex-Twitter). Fl\u00e1vio [&hellip;]<\/p>\n","protected":false},"author":2,"featured_media":192037,"comment_status":"open","ping_status":"open","sticky":false,"template":"","format":"standard","meta":{"_monsterinsights_skip_tracking":false,"_monsterinsights_sitenote_active":false,"_monsterinsights_sitenote_note":"","_monsterinsights_sitenote_category":0},"categories":[6,30260,30259,12],"tags":[41519,4100],"aioseo_notices":[],"_links":{"self":[{"href":"https:\/\/mspontocom.com.br\/site\/wp-json\/wp\/v2\/posts\/192029"}],"collection":[{"href":"https:\/\/mspontocom.com.br\/site\/wp-json\/wp\/v2\/posts"}],"about":[{"href":"https:\/\/mspontocom.com.br\/site\/wp-json\/wp\/v2\/types\/post"}],"author":[{"embeddable":true,"href":"https:\/\/mspontocom.com.br\/site\/wp-json\/wp\/v2\/users\/2"}],"replies":[{"embeddable":true,"href":"https:\/\/mspontocom.com.br\/site\/wp-json\/wp\/v2\/comments?post=192029"}],"version-history":[{"count":2,"href":"https:\/\/mspontocom.com.br\/site\/wp-json\/wp\/v2\/posts\/192029\/revisions"}],"predecessor-version":[{"id":192038,"href":"https:\/\/mspontocom.com.br\/site\/wp-json\/wp\/v2\/posts\/192029\/revisions\/192038"}],"wp:featuredmedia":[{"embeddable":true,"href":"https:\/\/mspontocom.com.br\/site\/wp-json\/wp\/v2\/media\/192037"}],"wp:attachment":[{"href":"https:\/\/mspontocom.com.br\/site\/wp-json\/wp\/v2\/media?parent=192029"}],"wp:term":[{"taxonomy":"category","embeddable":true,"href":"https:\/\/mspontocom.com.br\/site\/wp-json\/wp\/v2\/categories?post=192029"},{"taxonomy":"post_tag","embeddable":true,"href":"https:\/\/mspontocom.com.br\/site\/wp-json\/wp\/v2\/tags?post=192029"}],"curies":[{"name":"wp","href":"https:\/\/api.w.org\/{rel}","templated":true}]}}