{"id":192060,"date":"2024-07-06T06:49:51","date_gmt":"2024-07-06T10:49:51","guid":{"rendered":"https:\/\/mspontocom.com.br\/site\/?p=192060"},"modified":"2024-07-06T06:49:51","modified_gmt":"2024-07-06T10:49:51","slug":"biden-da-silva-ja-confunde-microfone-com-garrafa-de-agua","status":"publish","type":"post","link":"https:\/\/mspontocom.com.br\/site\/biden-da-silva-ja-confunde-microfone-com-garrafa-de-agua\/","title":{"rendered":"&#8220;Biden da Silva&#8221; j\u00e1 confunde microfone com garrafa de \u00e1gua"},"content":{"rendered":"<p style=\"text-align: justify;\"><img loading=\"lazy\" class=\"alignnone size-full wp-image-192067\" src=\"https:\/\/mspontocom.com.br\/site\/wp-content\/uploads\/2024\/07\/site-lula-rechaca-comparacao-com-biden-e-confunde-microfone-com-garrafa-de-agua-micro.png\" alt=\"\" width=\"848\" height=\"477\" srcset=\"https:\/\/mspontocom.com.br\/site\/wp-content\/uploads\/2024\/07\/site-lula-rechaca-comparacao-com-biden-e-confunde-microfone-com-garrafa-de-agua-micro.png 848w, https:\/\/mspontocom.com.br\/site\/wp-content\/uploads\/2024\/07\/site-lula-rechaca-comparacao-com-biden-e-confunde-microfone-com-garrafa-de-agua-micro-260x146.png 260w, https:\/\/mspontocom.com.br\/site\/wp-content\/uploads\/2024\/07\/site-lula-rechaca-comparacao-com-biden-e-confunde-microfone-com-garrafa-de-agua-micro-768x432.png 768w\" sizes=\"(max-width: 848px) 100vw, 848px\" \/>Por conta de algumas gafes do presidente Lula surgiu uma compara\u00e7\u00e3o entre o chefe do Executivo brasileiro e o presidente dos Estados Unidos, <strong>Joe Biden.<\/strong><\/p>\n<p style=\"text-align: justify;\"><strong>A oposi\u00e7\u00e3o j\u00e1 o chama de Biden da Silva.<\/strong><\/p>\n<p style=\"text-align: justify;\">Durante evento realizado nesta sexta-feira (05) em Osasco, S\u00e3o Paulo, Lula recha\u00e7ou a compara\u00e7\u00e3o.<\/p>\n<p style=\"text-align: justify;\">Mas um dia antes, enquanto cumpria agenda em Campinas, <strong>Lula chegou a confundir um microfone com a garrafa de \u00e1gua.<\/strong><\/p>\n<p style=\"text-align: justify;\">Em outra ocasi\u00e3o, no dia 13 de junho, o chefe do Executivo confundiu o ministro da Fazenda, Fernando Haddad, e o chamou de &#8216;ministro da Defesa&#8217;.<\/p>\n<p style=\"text-align: justify;\">Outra gafe aconteceu durante visita do presidente da Fran\u00e7a, Emmanuel Macron, ao Brasil.<\/p>\n<p style=\"text-align: justify;\">Na ocasi\u00e3o, Lula confundiu Macron com o ex-presidente franc\u00eas Nicolas Sarkozy. \u201cEu e o Sarkozy vamos viajar para o Rio de Janeiro ainda hoje \u00e0 noite\u201d, pronunciou o petista.<\/p>\n<p style=\"text-align: justify;\">Veja mais not\u00edcias em: <a href=\"http:\/\/www.mspontocom.com.br\">www.mspontocom.com.br<\/a><\/p>\n<p style=\"text-align: justify;\">Nosso X (Twitter) @mspontocom<\/p>\n","protected":false},"excerpt":{"rendered":"<p>Por conta de algumas gafes do presidente Lula surgiu uma compara\u00e7\u00e3o entre o chefe do Executivo brasileiro e o presidente dos Estados Unidos, Joe Biden. A oposi\u00e7\u00e3o j\u00e1 o chama de Biden da Silva. Durante evento realizado nesta sexta-feira (05) em Osasco, S\u00e3o Paulo, Lula recha\u00e7ou a compara\u00e7\u00e3o. Mas um dia antes, enquanto cumpria agenda [&hellip;]<\/p>\n","protected":false},"author":2,"featured_media":192067,"comment_status":"open","ping_status":"open","sticky":false,"template":"","format":"standard","meta":{"_monsterinsights_skip_tracking":false,"_monsterinsights_sitenote_active":false,"_monsterinsights_sitenote_note":"","_monsterinsights_sitenote_category":0},"categories":[6,30260,30259,12],"tags":[41503,41526,41528,480,41527],"aioseo_notices":[],"_links":{"self":[{"href":"https:\/\/mspontocom.com.br\/site\/wp-json\/wp\/v2\/posts\/192060"}],"collection":[{"href":"https:\/\/mspontocom.com.br\/site\/wp-json\/wp\/v2\/posts"}],"about":[{"href":"https:\/\/mspontocom.com.br\/site\/wp-json\/wp\/v2\/types\/post"}],"author":[{"embeddable":true,"href":"https:\/\/mspontocom.com.br\/site\/wp-json\/wp\/v2\/users\/2"}],"replies":[{"embeddable":true,"href":"https:\/\/mspontocom.com.br\/site\/wp-json\/wp\/v2\/comments?post=192060"}],"version-history":[{"count":2,"href":"https:\/\/mspontocom.com.br\/site\/wp-json\/wp\/v2\/posts\/192060\/revisions"}],"predecessor-version":[{"id":192068,"href":"https:\/\/mspontocom.com.br\/site\/wp-json\/wp\/v2\/posts\/192060\/revisions\/192068"}],"wp:featuredmedia":[{"embeddable":true,"href":"https:\/\/mspontocom.com.br\/site\/wp-json\/wp\/v2\/media\/192067"}],"wp:attachment":[{"href":"https:\/\/mspontocom.com.br\/site\/wp-json\/wp\/v2\/media?parent=192060"}],"wp:term":[{"taxonomy":"category","embeddable":true,"href":"https:\/\/mspontocom.com.br\/site\/wp-json\/wp\/v2\/categories?post=192060"},{"taxonomy":"post_tag","embeddable":true,"href":"https:\/\/mspontocom.com.br\/site\/wp-json\/wp\/v2\/tags?post=192060"}],"curies":[{"name":"wp","href":"https:\/\/api.w.org\/{rel}","templated":true}]}}