{"id":192080,"date":"2024-07-08T06:23:47","date_gmt":"2024-07-08T10:23:47","guid":{"rendered":"https:\/\/mspontocom.com.br\/site\/?p=192080"},"modified":"2024-07-08T06:23:47","modified_gmt":"2024-07-08T10:23:47","slug":"em-evento-da-direita-bolsonaro-chama-pt-de-partido-do-trambique","status":"publish","type":"post","link":"https:\/\/mspontocom.com.br\/site\/em-evento-da-direita-bolsonaro-chama-pt-de-partido-do-trambique\/","title":{"rendered":"Em evento da Direita, Bolsonaro chama PT de Partido do Trambique"},"content":{"rendered":"<p style=\"text-align: justify;\"><img loading=\"lazy\" class=\"alignnone size-full wp-image-192092\" src=\"https:\/\/mspontocom.com.br\/site\/wp-content\/uploads\/2024\/07\/site-em-evento-da-direita-bolsonaro-chama-pt-de-partido-do-trambique-alula.jpg\" alt=\"\" width=\"768\" height=\"512\" srcset=\"https:\/\/mspontocom.com.br\/site\/wp-content\/uploads\/2024\/07\/site-em-evento-da-direita-bolsonaro-chama-pt-de-partido-do-trambique-alula.jpg 768w, https:\/\/mspontocom.com.br\/site\/wp-content\/uploads\/2024\/07\/site-em-evento-da-direita-bolsonaro-chama-pt-de-partido-do-trambique-alula-260x173.jpg 260w\" sizes=\"(max-width: 768px) 100vw, 768px\" \/>Em breve fala, o ex-presidente <strong>Jair Bolsonaro<\/strong>\u00a0 criticou o <strong>PT<\/strong>, a quem chamou de <strong>\u201cPartido do Trambique\u201d<\/strong> e a imprensa.<\/p>\n<p style=\"text-align: justify;\">A fala de Bolsonaro abriu a Confer\u00eancia de Pol\u00edtica A\u00e7\u00e3o e Conservadora em Balne\u00e1rio Cambori\u00fa.<\/p>\n<p style=\"text-align: justify;\">\u201cN\u00e3o tenho ambi\u00e7\u00e3o pelo poder, tenho obsess\u00e3o pelo Brasil, em que pese qualquer outras quest\u00f5es que nos atrapalhe\u201d, afirmou.<\/p>\n<p style=\"text-align: justify;\">Ele tamb\u00e9m disse que est\u00e1 \u00e0 disposi\u00e7\u00e3o para ser sabatinado ao vivo em um canal de televis\u00e3o.<\/p>\n<p style=\"text-align: justify;\">\u201cSe acha que v\u00e3o me desgastar, as redes sociais nos deram a liberdade. Ser\u00e1 a maior audi\u00eancia da hist\u00f3ria dessa televis\u00e3o\u201d, disse.<\/p>\n<p style=\"text-align: justify;\">O ex-chefe do Executivo disse ainda que a direita ficar\u00e1 \u201cainda mais unida\u201d depois do evento, momento em que o p\u00fablico pediu <strong>\u201cvolta, Bolsonaro\u201d.<\/strong><\/p>\n<p style=\"text-align: justify;\">Veja mais not\u00edcias em: <a href=\"http:\/\/www.mspontocom.com.br\">www.mspontocom.com.br<\/a><\/p>\n<p style=\"text-align: justify;\">Nosso X (Twitter) @mspontocom<\/p>\n","protected":false},"excerpt":{"rendered":"<p>Em breve fala, o ex-presidente Jair Bolsonaro\u00a0 criticou o PT, a quem chamou de \u201cPartido do Trambique\u201d e a imprensa. A fala de Bolsonaro abriu a Confer\u00eancia de Pol\u00edtica A\u00e7\u00e3o e Conservadora em Balne\u00e1rio Cambori\u00fa. \u201cN\u00e3o tenho ambi\u00e7\u00e3o pelo poder, tenho obsess\u00e3o pelo Brasil, em que pese qualquer outras quest\u00f5es que nos atrapalhe\u201d, afirmou. Ele [&hellip;]<\/p>\n","protected":false},"author":2,"featured_media":192092,"comment_status":"open","ping_status":"open","sticky":false,"template":"","format":"standard","meta":{"_monsterinsights_skip_tracking":false,"_monsterinsights_sitenote_active":false,"_monsterinsights_sitenote_note":"","_monsterinsights_sitenote_category":0},"categories":[6,30260,30259,12],"tags":[21017,41537,533],"aioseo_notices":[],"_links":{"self":[{"href":"https:\/\/mspontocom.com.br\/site\/wp-json\/wp\/v2\/posts\/192080"}],"collection":[{"href":"https:\/\/mspontocom.com.br\/site\/wp-json\/wp\/v2\/posts"}],"about":[{"href":"https:\/\/mspontocom.com.br\/site\/wp-json\/wp\/v2\/types\/post"}],"author":[{"embeddable":true,"href":"https:\/\/mspontocom.com.br\/site\/wp-json\/wp\/v2\/users\/2"}],"replies":[{"embeddable":true,"href":"https:\/\/mspontocom.com.br\/site\/wp-json\/wp\/v2\/comments?post=192080"}],"version-history":[{"count":2,"href":"https:\/\/mspontocom.com.br\/site\/wp-json\/wp\/v2\/posts\/192080\/revisions"}],"predecessor-version":[{"id":192093,"href":"https:\/\/mspontocom.com.br\/site\/wp-json\/wp\/v2\/posts\/192080\/revisions\/192093"}],"wp:featuredmedia":[{"embeddable":true,"href":"https:\/\/mspontocom.com.br\/site\/wp-json\/wp\/v2\/media\/192092"}],"wp:attachment":[{"href":"https:\/\/mspontocom.com.br\/site\/wp-json\/wp\/v2\/media?parent=192080"}],"wp:term":[{"taxonomy":"category","embeddable":true,"href":"https:\/\/mspontocom.com.br\/site\/wp-json\/wp\/v2\/categories?post=192080"},{"taxonomy":"post_tag","embeddable":true,"href":"https:\/\/mspontocom.com.br\/site\/wp-json\/wp\/v2\/tags?post=192080"}],"curies":[{"name":"wp","href":"https:\/\/api.w.org\/{rel}","templated":true}]}}