{"id":192147,"date":"2024-07-10T05:30:41","date_gmt":"2024-07-10T09:30:41","guid":{"rendered":"https:\/\/mspontocom.com.br\/site\/?p=192147"},"modified":"2024-07-10T05:30:41","modified_gmt":"2024-07-10T09:30:41","slug":"cara-de-pau-lula-ja-reconhece-vitoria-de-maduro-na-venezuela","status":"publish","type":"post","link":"https:\/\/mspontocom.com.br\/site\/cara-de-pau-lula-ja-reconhece-vitoria-de-maduro-na-venezuela\/","title":{"rendered":"Cara de Pau: Lula j\u00e1 reconhece vit\u00f3ria de Maduro na Venezuela"},"content":{"rendered":"<p style=\"text-align: justify;\"><img loading=\"lazy\" class=\"alignnone size-full wp-image-192148\" src=\"https:\/\/mspontocom.com.br\/site\/wp-content\/uploads\/2024\/07\/site-cara-de-pau-lula-ja-reconhece-vitoria-de-maduro-na-venezuela-lula-e-maduro-29mai2023-848x477-1.jpg\" alt=\"\" width=\"848\" height=\"477\" srcset=\"https:\/\/mspontocom.com.br\/site\/wp-content\/uploads\/2024\/07\/site-cara-de-pau-lula-ja-reconhece-vitoria-de-maduro-na-venezuela-lula-e-maduro-29mai2023-848x477-1.jpg 848w, https:\/\/mspontocom.com.br\/site\/wp-content\/uploads\/2024\/07\/site-cara-de-pau-lula-ja-reconhece-vitoria-de-maduro-na-venezuela-lula-e-maduro-29mai2023-848x477-1-260x146.jpg 260w, https:\/\/mspontocom.com.br\/site\/wp-content\/uploads\/2024\/07\/site-cara-de-pau-lula-ja-reconhece-vitoria-de-maduro-na-venezuela-lula-e-maduro-29mai2023-848x477-1-768x432.jpg 768w\" sizes=\"(max-width: 848px) 100vw, 848px\" \/>O presidente Lula expressou sua expectativa pela \u201cnormaliza\u00e7\u00e3o\u201d da vida pol\u00edtica na Venezuela \u00a0durante uma visita oficial \u00e0 Bol\u00edvia.<\/p>\n<p style=\"text-align: justify;\">Com elei\u00e7\u00f5es marcadas para 28 de julho, o regime de Nicol\u00e1s Maduro\u00a0tem sido<strong> criticado por impedir a participa\u00e7\u00e3o de importantes pol\u00edticos da oposi\u00e7\u00e3o no pleito. <\/strong><\/p>\n<p style=\"text-align: justify;\">Lula ressaltou a import\u00e2ncia da estabilidade pol\u00edtica na Venezuela para toda a Am\u00e9rica do Sul, destacando a necessidade de que as elei\u00e7\u00f5es ocorram de \u201cforma tranquila\u201d<strong> e que os resultados sejam reconhecidos por todos os envolvidos. <\/strong><\/p>\n<p style=\"text-align: justify;\"><span style=\"font-size: 14pt;\"><em> \u201cEsperamos tamb\u00e9m poder receber logo e muito rapidamente de volta a Venezuela. A normaliza\u00e7\u00e3o da vida pol\u00edtica venezuelana significa estabilidade para toda a Am\u00e9rica do Sul. Por isso, fazemos votos de que as elei\u00e7\u00f5es transcorram de forma tranquila e que os resultados sejam reconhecidos por todos.\u201d<\/em><\/span><\/p>\n<p style=\"text-align: justify;\">Veja mais not\u00edcias em: <a href=\"http:\/\/www.mspontocom.com.br\">www.mspontocom.com.br<\/a><\/p>\n<p style=\"text-align: justify;\">Nosso X (Twitter) @mspontocom<\/p>\n","protected":false},"excerpt":{"rendered":"<p>O presidente Lula expressou sua expectativa pela \u201cnormaliza\u00e7\u00e3o\u201d da vida pol\u00edtica na Venezuela \u00a0durante uma visita oficial \u00e0 Bol\u00edvia. Com elei\u00e7\u00f5es marcadas para 28 de julho, o regime de Nicol\u00e1s Maduro\u00a0tem sido criticado por impedir a participa\u00e7\u00e3o de importantes pol\u00edticos da oposi\u00e7\u00e3o no pleito. Lula ressaltou a import\u00e2ncia da estabilidade pol\u00edtica na Venezuela para toda [&hellip;]<\/p>\n","protected":false},"author":2,"featured_media":192148,"comment_status":"open","ping_status":"open","sticky":false,"template":"","format":"standard","meta":{"_monsterinsights_skip_tracking":false,"_monsterinsights_sitenote_active":false,"_monsterinsights_sitenote_note":"","_monsterinsights_sitenote_category":0},"categories":[30260,7,30259,12],"tags":[480,29082,41545,1310,290],"aioseo_notices":[],"_links":{"self":[{"href":"https:\/\/mspontocom.com.br\/site\/wp-json\/wp\/v2\/posts\/192147"}],"collection":[{"href":"https:\/\/mspontocom.com.br\/site\/wp-json\/wp\/v2\/posts"}],"about":[{"href":"https:\/\/mspontocom.com.br\/site\/wp-json\/wp\/v2\/types\/post"}],"author":[{"embeddable":true,"href":"https:\/\/mspontocom.com.br\/site\/wp-json\/wp\/v2\/users\/2"}],"replies":[{"embeddable":true,"href":"https:\/\/mspontocom.com.br\/site\/wp-json\/wp\/v2\/comments?post=192147"}],"version-history":[{"count":1,"href":"https:\/\/mspontocom.com.br\/site\/wp-json\/wp\/v2\/posts\/192147\/revisions"}],"predecessor-version":[{"id":192149,"href":"https:\/\/mspontocom.com.br\/site\/wp-json\/wp\/v2\/posts\/192147\/revisions\/192149"}],"wp:featuredmedia":[{"embeddable":true,"href":"https:\/\/mspontocom.com.br\/site\/wp-json\/wp\/v2\/media\/192148"}],"wp:attachment":[{"href":"https:\/\/mspontocom.com.br\/site\/wp-json\/wp\/v2\/media?parent=192147"}],"wp:term":[{"taxonomy":"category","embeddable":true,"href":"https:\/\/mspontocom.com.br\/site\/wp-json\/wp\/v2\/categories?post=192147"},{"taxonomy":"post_tag","embeddable":true,"href":"https:\/\/mspontocom.com.br\/site\/wp-json\/wp\/v2\/tags?post=192147"}],"curies":[{"name":"wp","href":"https:\/\/api.w.org\/{rel}","templated":true}]}}