{"id":192177,"date":"2024-07-11T06:09:29","date_gmt":"2024-07-11T10:09:29","guid":{"rendered":"https:\/\/mspontocom.com.br\/site\/?p=192177"},"modified":"2024-07-11T06:09:29","modified_gmt":"2024-07-11T10:09:29","slug":"beneficio-suspeito-aos-irmaos-batista-complica-ministro-de-lula","status":"publish","type":"post","link":"https:\/\/mspontocom.com.br\/site\/beneficio-suspeito-aos-irmaos-batista-complica-ministro-de-lula\/","title":{"rendered":"Benef\u00edcio suspeito aos irm\u00e3os Batista complica ministro de Lula"},"content":{"rendered":"<p style=\"text-align: justify;\"><img loading=\"lazy\" class=\"alignnone size-full wp-image-192188\" src=\"https:\/\/mspontocom.com.br\/site\/wp-content\/uploads\/2024\/07\/site-beneficio-suspeito-aos-irmaos-batista-complica-ministro-de-lula-jbs2.jpeg\" alt=\"\" width=\"960\" height=\"640\" srcset=\"https:\/\/mspontocom.com.br\/site\/wp-content\/uploads\/2024\/07\/site-beneficio-suspeito-aos-irmaos-batista-complica-ministro-de-lula-jbs2.jpeg 960w, https:\/\/mspontocom.com.br\/site\/wp-content\/uploads\/2024\/07\/site-beneficio-suspeito-aos-irmaos-batista-complica-ministro-de-lula-jbs2-260x173.jpeg 260w, https:\/\/mspontocom.com.br\/site\/wp-content\/uploads\/2024\/07\/site-beneficio-suspeito-aos-irmaos-batista-complica-ministro-de-lula-jbs2-768x512.jpeg 768w\" sizes=\"(max-width: 960px) 100vw, 960px\" \/>Alexandre Silveira (Minas e Energia) ter\u00e1 que explicar os 17 encontros fora da agenda com executivos da \u00c2mbar Energia, dos irm\u00e3os Joesley e Wesley Batista.<\/p>\n<p style=\"text-align: justify;\">Na sequ\u00eancia, o presidente Lula (PT) assinou medida provis\u00f3ria transferindo para a conta de luz dos brasileiros uma d\u00edvida bilion\u00e1ria da Amazonas Energia dois dias antes de a dupla fechar a compra da empresa.<\/p>\n<p style=\"text-align: justify;\">\u201cEsse governo continua com as mesmas pr\u00e1ticas\u201d, diz Marcos Pollon (PL-MS), referindo-se \u00e0 hist\u00f3ria de corrup\u00e7\u00e3o petista.<\/p>\n<div class=\"notas\">\n<div id=\"Nota-2\" class=\"entry-block ch-nota Nota-2\" style=\"text-align: justify;\">\n<h3>Beijando cobra na boca<\/h3>\n<\/div>\n<p style=\"text-align: justify;\">As reuni\u00f5es fora da agenda ligaram o alerta no Congresso, por isso o deputado Marcos Pollon requereu a convoca\u00e7\u00e3o do ministro para depor.<\/p>\n<div id=\"Nota-3\" class=\"entry-block ch-nota Nota-3\" style=\"text-align: justify;\">\n<h3>Sobrou pra geral<\/h3>\n<\/div>\n<p style=\"text-align: justify;\">Pollon tamb\u00e9m quer a convoca\u00e7\u00e3o de Rui Costa (Casa Civil). V\u00ea poss\u00edvel favorecimento aos irm\u00e3os Batista com a edi\u00e7\u00e3o da medida provis\u00f3ria.<\/p>\n<div id=\"Nota-4\" class=\"entry-block ch-nota Nota-4\" style=\"text-align: justify;\">\n<h3>Tem coisa a\u00ed<\/h3>\n<\/div>\n<p style=\"text-align: justify;\">A \u00c2mbar \u00e9 acusada de descumprir contrato emergencial de 2021. Cabo Gilberto Silva (PL-PB) suspeita de tr\u00e1fico de influ\u00eancia e concuss\u00e3o.<\/p>\n<div id=\"Nota-5\" class=\"entry-block ch-nota Nota-5\" style=\"text-align: justify;\">\n<h3>Deputado profeta<\/h3>\n<\/div>\n<p style=\"text-align: justify;\">O deputado Rodrigo Valadares (Uni\u00e3o-SE) j\u00e1 havia alertado no podcast Di\u00e1rio do Poder que os irm\u00e3os Batistas \u201cvoltaram com tudo\u201d.<\/p>\n<p style=\"text-align: justify;\">fonte: Coluna Claudio Humberto, Di\u00e1rio do Poder<\/p>\n<p style=\"text-align: justify;\">Veja mais not\u00edcias em: <a href=\"http:\/\/www.mspontocom.com.br\">www.mspontocom.com.br<\/a><\/p>\n<p style=\"text-align: justify;\">Nosso X (Twitter) @mspontocom<\/p>\n<\/div>\n","protected":false},"excerpt":{"rendered":"<p>Alexandre Silveira (Minas e Energia) ter\u00e1 que explicar os 17 encontros fora da agenda com executivos da \u00c2mbar Energia, dos irm\u00e3os Joesley e Wesley Batista. Na sequ\u00eancia, o presidente Lula (PT) assinou medida provis\u00f3ria transferindo para a conta de luz dos brasileiros uma d\u00edvida bilion\u00e1ria da Amazonas Energia dois dias antes de a dupla fechar [&hellip;]<\/p>\n","protected":false},"author":2,"featured_media":192188,"comment_status":"open","ping_status":"open","sticky":false,"template":"","format":"standard","meta":{"_monsterinsights_skip_tracking":false,"_monsterinsights_sitenote_active":false,"_monsterinsights_sitenote_note":"","_monsterinsights_sitenote_category":0},"categories":[6,30260,30259,12],"tags":[41552,36614,480,259],"aioseo_notices":[],"_links":{"self":[{"href":"https:\/\/mspontocom.com.br\/site\/wp-json\/wp\/v2\/posts\/192177"}],"collection":[{"href":"https:\/\/mspontocom.com.br\/site\/wp-json\/wp\/v2\/posts"}],"about":[{"href":"https:\/\/mspontocom.com.br\/site\/wp-json\/wp\/v2\/types\/post"}],"author":[{"embeddable":true,"href":"https:\/\/mspontocom.com.br\/site\/wp-json\/wp\/v2\/users\/2"}],"replies":[{"embeddable":true,"href":"https:\/\/mspontocom.com.br\/site\/wp-json\/wp\/v2\/comments?post=192177"}],"version-history":[{"count":2,"href":"https:\/\/mspontocom.com.br\/site\/wp-json\/wp\/v2\/posts\/192177\/revisions"}],"predecessor-version":[{"id":192189,"href":"https:\/\/mspontocom.com.br\/site\/wp-json\/wp\/v2\/posts\/192177\/revisions\/192189"}],"wp:featuredmedia":[{"embeddable":true,"href":"https:\/\/mspontocom.com.br\/site\/wp-json\/wp\/v2\/media\/192188"}],"wp:attachment":[{"href":"https:\/\/mspontocom.com.br\/site\/wp-json\/wp\/v2\/media?parent=192177"}],"wp:term":[{"taxonomy":"category","embeddable":true,"href":"https:\/\/mspontocom.com.br\/site\/wp-json\/wp\/v2\/categories?post=192177"},{"taxonomy":"post_tag","embeddable":true,"href":"https:\/\/mspontocom.com.br\/site\/wp-json\/wp\/v2\/tags?post=192177"}],"curies":[{"name":"wp","href":"https:\/\/api.w.org\/{rel}","templated":true}]}}