{"id":192238,"date":"2024-07-13T06:44:34","date_gmt":"2024-07-13T10:44:34","guid":{"rendered":"https:\/\/mspontocom.com.br\/site\/?p=192238"},"modified":"2024-07-13T06:44:34","modified_gmt":"2024-07-13T10:44:34","slug":"assessoria-complica-lula-sobre-relogio-piaget-de-r80-mil","status":"publish","type":"post","link":"https:\/\/mspontocom.com.br\/site\/assessoria-complica-lula-sobre-relogio-piaget-de-r80-mil\/","title":{"rendered":"Assessoria complica Lula sobre rel\u00f3gio Piaget de R$80 mil"},"content":{"rendered":"<p style=\"text-align: justify;\"><img loading=\"lazy\" class=\"alignnone size-full wp-image-192239\" src=\"https:\/\/mspontocom.com.br\/site\/wp-content\/uploads\/2024\/07\/site-assessoria-complica-lula-sobre-relogio-piaget-de-r80-mil-relogio.webp\" alt=\"\" width=\"960\" height=\"640\" srcset=\"https:\/\/mspontocom.com.br\/site\/wp-content\/uploads\/2024\/07\/site-assessoria-complica-lula-sobre-relogio-piaget-de-r80-mil-relogio.webp 960w, https:\/\/mspontocom.com.br\/site\/wp-content\/uploads\/2024\/07\/site-assessoria-complica-lula-sobre-relogio-piaget-de-r80-mil-relogio-260x173.webp 260w, https:\/\/mspontocom.com.br\/site\/wp-content\/uploads\/2024\/07\/site-assessoria-complica-lula-sobre-relogio-piaget-de-r80-mil-relogio-768x512.webp 768w\" sizes=\"(max-width: 960px) 100vw, 960px\" \/>A assessoria de imprensa do presidente Lula resolveu se pronunciar diante da pol\u00eamica do rel\u00f3gio Piaget de R$ 80 mil que est\u00e1 sob posse do petista.<\/p>\n<p style=\"text-align: justify;\">Diante das press\u00f5es por esclarecimento a respeito da origem do presente e a diferen\u00e7a de tratamento da pela Pol\u00edcia Federal sobre o item em quest\u00e3o e as joias sauditas dadas ao ex-presidente, Jair Bolsonaro, o Planalto diz que o rel\u00f3gio n\u00e3o foi recebido como presente durante os dois primeiros mandatos presidenciais do petista.<\/p>\n<p style=\"text-align: justify;\">O problema \u00e9 que essa declara\u00e7\u00e3o contradiz a vers\u00e3o do pr\u00f3prio Lula a parlamentares:<strong> o acess\u00f3rio de luxo foi recebido durante o exerc\u00edcio do seu primeiro governo, em mar\u00e7o de 20o2.<\/strong><\/p>\n<p style=\"text-align: justify;\">A assessoria de Lula n\u00e3o revelou quando ele obteve o rel\u00f3gio nem quem foi o doador.<\/p>\n<p style=\"text-align: justify;\">Eles afirmaram que \u201ctudo que o presidente recebeu na Presid\u00eancia est\u00e1 catalogado conforme a legisla\u00e7\u00e3o\u201d.<\/p>\n<p style=\"text-align: justify;\">No in\u00edcio de 2022, um rel\u00f3gio Piaget chamou aten\u00e7\u00e3o quando Lula o usou em um evento do centen\u00e1rio do PCdoB.<\/p>\n<p style=\"text-align: justify;\">Entre as declara\u00e7\u00f5es de Lula sobre presentes recebidos, tamb\u00e9m est\u00e1 um Cartier Santos Dumont, avaliado em R$ 60 mil.<\/p>\n<p style=\"text-align: justify;\">Em julho de 2023, durante uma transmiss\u00e3o ao vivo, Lula afirmou que ganhou o Cartier em 2005 do ent\u00e3o presidente franc\u00eas Jacques Chirac.<em>\u00a0<\/em><\/p>\n<p style=\"text-align: justify;\"><em>\u201cVoc\u00ea sabe que esse rel\u00f3gio ficou perdido por 18 anos? Eu n\u00e3o sabia onde estava. Agora, que eu fui mudar, fui abrir a gaveta, e ele estava l\u00e1\u201d,<\/em>\u00a0disse Lula.<\/p>\n<p style=\"text-align: justify;\">Bolsonaro argumenta que a Uni\u00e3o n\u00e3o exigiu a devolu\u00e7\u00e3o dos rel\u00f3gios de Lula, sugerindo uma persegui\u00e7\u00e3o e \u2018dois pesos, duas medidas\u2019 no caso das joias.<\/p>\n<p style=\"text-align: justify;\">A equipe de Lula afirma que o Piaget n\u00e3o tem rela\u00e7\u00e3o com a Presid\u00eancia.<\/p>\n<p style=\"text-align: justify;\">A situa\u00e7\u00e3o do Cartier ser\u00e1 analisada pelo TCU em agosto.<\/p>\n<p style=\"text-align: justify;\">Veja mais not\u00edcias em: <a href=\"http:\/\/www.mspontocom.com.br\">www.mspontocom.com.br<\/a><\/p>\n<p style=\"text-align: justify;\">Nosso X (Twitter) @mspontocom<\/p>\n<p>fonte: Di\u00e1rio do Poder<\/p>\n","protected":false},"excerpt":{"rendered":"<p>A assessoria de imprensa do presidente Lula resolveu se pronunciar diante da pol\u00eamica do rel\u00f3gio Piaget de R$ 80 mil que est\u00e1 sob posse do petista. Diante das press\u00f5es por esclarecimento a respeito da origem do presente e a diferen\u00e7a de tratamento da pela Pol\u00edcia Federal sobre o item em quest\u00e3o e as joias sauditas [&hellip;]<\/p>\n","protected":false},"author":2,"featured_media":192239,"comment_status":"open","ping_status":"open","sticky":false,"template":"","format":"standard","meta":{"_monsterinsights_skip_tracking":false,"_monsterinsights_sitenote_active":false,"_monsterinsights_sitenote_note":"","_monsterinsights_sitenote_category":0},"categories":[6,30260,30259,12],"tags":[27196,41562,480,41564,41563],"aioseo_notices":[],"_links":{"self":[{"href":"https:\/\/mspontocom.com.br\/site\/wp-json\/wp\/v2\/posts\/192238"}],"collection":[{"href":"https:\/\/mspontocom.com.br\/site\/wp-json\/wp\/v2\/posts"}],"about":[{"href":"https:\/\/mspontocom.com.br\/site\/wp-json\/wp\/v2\/types\/post"}],"author":[{"embeddable":true,"href":"https:\/\/mspontocom.com.br\/site\/wp-json\/wp\/v2\/users\/2"}],"replies":[{"embeddable":true,"href":"https:\/\/mspontocom.com.br\/site\/wp-json\/wp\/v2\/comments?post=192238"}],"version-history":[{"count":1,"href":"https:\/\/mspontocom.com.br\/site\/wp-json\/wp\/v2\/posts\/192238\/revisions"}],"predecessor-version":[{"id":192240,"href":"https:\/\/mspontocom.com.br\/site\/wp-json\/wp\/v2\/posts\/192238\/revisions\/192240"}],"wp:featuredmedia":[{"embeddable":true,"href":"https:\/\/mspontocom.com.br\/site\/wp-json\/wp\/v2\/media\/192239"}],"wp:attachment":[{"href":"https:\/\/mspontocom.com.br\/site\/wp-json\/wp\/v2\/media?parent=192238"}],"wp:term":[{"taxonomy":"category","embeddable":true,"href":"https:\/\/mspontocom.com.br\/site\/wp-json\/wp\/v2\/categories?post=192238"},{"taxonomy":"post_tag","embeddable":true,"href":"https:\/\/mspontocom.com.br\/site\/wp-json\/wp\/v2\/tags?post=192238"}],"curies":[{"name":"wp","href":"https:\/\/api.w.org\/{rel}","templated":true}]}}