{"id":192250,"date":"2024-07-14T08:14:48","date_gmt":"2024-07-14T12:14:48","guid":{"rendered":"https:\/\/mspontocom.com.br\/site\/?p=192250"},"modified":"2024-07-14T08:14:48","modified_gmt":"2024-07-14T12:14:48","slug":"elon-musk-e-sergio-moro-repercutem-atentado-contra-trump","status":"publish","type":"post","link":"https:\/\/mspontocom.com.br\/site\/elon-musk-e-sergio-moro-repercutem-atentado-contra-trump\/","title":{"rendered":"Elon Musk e Sergio Moro repercutem atentado contra Trump"},"content":{"rendered":"<p style=\"text-align: justify;\"><img loading=\"lazy\" class=\"alignnone size-full wp-image-192251\" src=\"https:\/\/mspontocom.com.br\/site\/wp-content\/uploads\/2024\/07\/site-elon-musk-e-sergio-moro-repercutem-atentado-trump.jpeg\" alt=\"\" width=\"780\" height=\"490\" srcset=\"https:\/\/mspontocom.com.br\/site\/wp-content\/uploads\/2024\/07\/site-elon-musk-e-sergio-moro-repercutem-atentado-trump.jpeg 780w, https:\/\/mspontocom.com.br\/site\/wp-content\/uploads\/2024\/07\/site-elon-musk-e-sergio-moro-repercutem-atentado-trump-260x163.jpeg 260w, https:\/\/mspontocom.com.br\/site\/wp-content\/uploads\/2024\/07\/site-elon-musk-e-sergio-moro-repercutem-atentado-trump-768x482.jpeg 768w\" sizes=\"(max-width: 780px) 100vw, 780px\" \/>O ataque a tiros contra o ex-presidente dos Estados Unidos, durante\u00a0com\u00edcio neste s\u00e1bado (13), repercutiu entre empres\u00e1rios e lideran\u00e7as mundiais e pol\u00edticos brasileiros.<\/p>\n<p style=\"text-align: justify;\">O senador<strong> S\u00e9rgio Moro<\/strong> (Uni\u00e3o Brasil) usou suas redes para comentar o ataque a tiros:<\/p>\n<p style=\"text-align: justify;\">\u201cGrave atentado contra Trump nos Estados Unidos. Espero que o ex-presidente esteja bem e que o ataque seja esclarecido\u201d.<\/p>\n<p style=\"text-align: justify;\">Em sua rede social, <strong>Elon Musk<\/strong> declarou apoio a Trump e desejou uma recupera\u00e7\u00e3o r\u00e1pida ao pr\u00e9-candidato republicano.<\/p>\n<p style=\"text-align: justify;\">\u201cEu apoio inteiramente o presidente Trump e desejo sua r\u00e1pida recupera\u00e7\u00e3o\u201d, escreveu Musk.<\/p>\n","protected":false},"excerpt":{"rendered":"<p>O ataque a tiros contra o ex-presidente dos Estados Unidos, durante\u00a0com\u00edcio neste s\u00e1bado (13), repercutiu entre empres\u00e1rios e lideran\u00e7as mundiais e pol\u00edticos brasileiros. O senador S\u00e9rgio Moro (Uni\u00e3o Brasil) usou suas redes para comentar o ataque a tiros: \u201cGrave atentado contra Trump nos Estados Unidos. Espero que o ex-presidente esteja bem e que o ataque [&hellip;]<\/p>\n","protected":false},"author":2,"featured_media":192251,"comment_status":"open","ping_status":"open","sticky":false,"template":"","format":"standard","meta":{"_monsterinsights_skip_tracking":false,"_monsterinsights_sitenote_active":false,"_monsterinsights_sitenote_note":"","_monsterinsights_sitenote_category":0},"categories":[30260,7,30259,12],"tags":[37373,41566,20193,28326],"aioseo_notices":[],"_links":{"self":[{"href":"https:\/\/mspontocom.com.br\/site\/wp-json\/wp\/v2\/posts\/192250"}],"collection":[{"href":"https:\/\/mspontocom.com.br\/site\/wp-json\/wp\/v2\/posts"}],"about":[{"href":"https:\/\/mspontocom.com.br\/site\/wp-json\/wp\/v2\/types\/post"}],"author":[{"embeddable":true,"href":"https:\/\/mspontocom.com.br\/site\/wp-json\/wp\/v2\/users\/2"}],"replies":[{"embeddable":true,"href":"https:\/\/mspontocom.com.br\/site\/wp-json\/wp\/v2\/comments?post=192250"}],"version-history":[{"count":1,"href":"https:\/\/mspontocom.com.br\/site\/wp-json\/wp\/v2\/posts\/192250\/revisions"}],"predecessor-version":[{"id":192252,"href":"https:\/\/mspontocom.com.br\/site\/wp-json\/wp\/v2\/posts\/192250\/revisions\/192252"}],"wp:featuredmedia":[{"embeddable":true,"href":"https:\/\/mspontocom.com.br\/site\/wp-json\/wp\/v2\/media\/192251"}],"wp:attachment":[{"href":"https:\/\/mspontocom.com.br\/site\/wp-json\/wp\/v2\/media?parent=192250"}],"wp:term":[{"taxonomy":"category","embeddable":true,"href":"https:\/\/mspontocom.com.br\/site\/wp-json\/wp\/v2\/categories?post=192250"},{"taxonomy":"post_tag","embeddable":true,"href":"https:\/\/mspontocom.com.br\/site\/wp-json\/wp\/v2\/tags?post=192250"}],"curies":[{"name":"wp","href":"https:\/\/api.w.org\/{rel}","templated":true}]}}