{"id":192255,"date":"2024-07-15T06:54:44","date_gmt":"2024-07-15T10:54:44","guid":{"rendered":"https:\/\/mspontocom.com.br\/site\/?p=192255"},"modified":"2024-07-15T06:54:44","modified_gmt":"2024-07-15T10:54:44","slug":"direita-comeca-a-ver-candidatura-de-tarcisio-como-inevitavel-em-2026","status":"publish","type":"post","link":"https:\/\/mspontocom.com.br\/site\/direita-comeca-a-ver-candidatura-de-tarcisio-como-inevitavel-em-2026\/","title":{"rendered":"Direita come\u00e7a a ver candidatura de Tarc\u00edsio como inevit\u00e1vel em 2026"},"content":{"rendered":"<p style=\"text-align: justify;\"><img loading=\"lazy\" class=\"alignnone size-full wp-image-192268\" src=\"https:\/\/mspontocom.com.br\/site\/wp-content\/uploads\/2024\/07\/site-direita-comeca-a-ver-a-candidatura-de-tarcisio-a-presidencia-como-inevitavel-tarcisio3.jpeg\" alt=\"\" width=\"906\" height=\"509\" srcset=\"https:\/\/mspontocom.com.br\/site\/wp-content\/uploads\/2024\/07\/site-direita-comeca-a-ver-a-candidatura-de-tarcisio-a-presidencia-como-inevitavel-tarcisio3.jpeg 906w, https:\/\/mspontocom.com.br\/site\/wp-content\/uploads\/2024\/07\/site-direita-comeca-a-ver-a-candidatura-de-tarcisio-a-presidencia-como-inevitavel-tarcisio3-260x146.jpeg 260w, https:\/\/mspontocom.com.br\/site\/wp-content\/uploads\/2024\/07\/site-direita-comeca-a-ver-a-candidatura-de-tarcisio-a-presidencia-como-inevitavel-tarcisio3-768x431.jpeg 768w\" sizes=\"(max-width: 906px) 100vw, 906px\" \/>Pol\u00edticos bolsonaristas e de direita n\u00e3o admitem abertamente, como \u00e9 do jogo, outra possibilidade para a elei\u00e7\u00e3o de 2026 que n\u00e3o seja uma candidatura de <strong>Jair Bolsonaro<\/strong> \u00e0 Presid\u00eancia da Rep\u00fablica.<\/p>\n<p style=\"text-align: justify;\">Diante das sabidas dificuldades para que Bolsonaro reverta sua inelegibilidade, no entanto, interlocutores do <strong>entorno do ex-presidente j\u00e1 tratam como inevit\u00e1vel uma candidatura bolsonarista<\/strong> na sucess\u00e3o presidencial: a de <strong>Tarc\u00edsio Gomes de Freitas.<\/strong><\/p>\n<p style=\"text-align: justify;\">Aliados de Bolsonaro tem notado um perfil mais presidenci\u00e1vel em Tarc\u00edsio nos \u00faltimos tempos.<\/p>\n<p style=\"text-align: justify;\"><span style=\"font-size: 14pt;\"><strong>Partido<\/strong><\/span><\/p>\n<p style=\"text-align: justify;\">Em outra frente, o governador de S\u00e3o Paulo, Tarc\u00edsio de Freitas (Republicanos-SP), deve se filiar ao PL, partido de Jair Bolsonaro, s\u00f3 depois das elei\u00e7\u00f5es municipais, em outubro.<\/p>\n<p style=\"text-align: justify;\">Tarc\u00edsio \u00e9 tido como uma alternativa do partido para a disputa \u00e0 Presid\u00eancia da Rep\u00fablica em 2026, caso Jair Bolsonaro n\u00e3o consiga reverter sua inelegibilidade.<\/p>\n<p style=\"text-align: justify;\">fonte: Jornal O Sul<\/p>\n<p style=\"text-align: justify;\">Veja mais not\u00edcias em: <a href=\"http:\/\/www.mspontocom.com.br\">www.mspontocom.com.br<\/a><\/p>\n<p style=\"text-align: justify;\">Nosso X (Twitter) @mspontocom<\/p>\n","protected":false},"excerpt":{"rendered":"<p>Pol\u00edticos bolsonaristas e de direita n\u00e3o admitem abertamente, como \u00e9 do jogo, outra possibilidade para a elei\u00e7\u00e3o de 2026 que n\u00e3o seja uma candidatura de Jair Bolsonaro \u00e0 Presid\u00eancia da Rep\u00fablica. Diante das sabidas dificuldades para que Bolsonaro reverta sua inelegibilidade, no entanto, interlocutores do entorno do ex-presidente j\u00e1 tratam como inevit\u00e1vel uma candidatura bolsonarista [&hellip;]<\/p>\n","protected":false},"author":2,"featured_media":192268,"comment_status":"open","ping_status":"open","sticky":false,"template":"","format":"standard","meta":{"_monsterinsights_skip_tracking":false,"_monsterinsights_sitenote_active":false,"_monsterinsights_sitenote_note":"","_monsterinsights_sitenote_category":0},"categories":[6,30260,30259,12],"tags":[30642,34531,24394,32323,41569,39029],"aioseo_notices":[],"_links":{"self":[{"href":"https:\/\/mspontocom.com.br\/site\/wp-json\/wp\/v2\/posts\/192255"}],"collection":[{"href":"https:\/\/mspontocom.com.br\/site\/wp-json\/wp\/v2\/posts"}],"about":[{"href":"https:\/\/mspontocom.com.br\/site\/wp-json\/wp\/v2\/types\/post"}],"author":[{"embeddable":true,"href":"https:\/\/mspontocom.com.br\/site\/wp-json\/wp\/v2\/users\/2"}],"replies":[{"embeddable":true,"href":"https:\/\/mspontocom.com.br\/site\/wp-json\/wp\/v2\/comments?post=192255"}],"version-history":[{"count":2,"href":"https:\/\/mspontocom.com.br\/site\/wp-json\/wp\/v2\/posts\/192255\/revisions"}],"predecessor-version":[{"id":192269,"href":"https:\/\/mspontocom.com.br\/site\/wp-json\/wp\/v2\/posts\/192255\/revisions\/192269"}],"wp:featuredmedia":[{"embeddable":true,"href":"https:\/\/mspontocom.com.br\/site\/wp-json\/wp\/v2\/media\/192268"}],"wp:attachment":[{"href":"https:\/\/mspontocom.com.br\/site\/wp-json\/wp\/v2\/media?parent=192255"}],"wp:term":[{"taxonomy":"category","embeddable":true,"href":"https:\/\/mspontocom.com.br\/site\/wp-json\/wp\/v2\/categories?post=192255"},{"taxonomy":"post_tag","embeddable":true,"href":"https:\/\/mspontocom.com.br\/site\/wp-json\/wp\/v2\/tags?post=192255"}],"curies":[{"name":"wp","href":"https:\/\/api.w.org\/{rel}","templated":true}]}}