{"id":192263,"date":"2024-07-15T06:45:18","date_gmt":"2024-07-15T10:45:18","guid":{"rendered":"https:\/\/mspontocom.com.br\/site\/?p=192263"},"modified":"2024-07-15T06:45:18","modified_gmt":"2024-07-15T10:45:18","slug":"moro-janones-e-um-imbecil-por-desinformar-sobre-atentado-a-trump","status":"publish","type":"post","link":"https:\/\/mspontocom.com.br\/site\/moro-janones-e-um-imbecil-por-desinformar-sobre-atentado-a-trump\/","title":{"rendered":"Moro:  Janones \u00e9 um imbecil por desinformar sobre atentado a Trump"},"content":{"rendered":"<p style=\"text-align: justify;\"><img loading=\"lazy\" class=\"alignnone size-full wp-image-192266\" src=\"https:\/\/mspontocom.com.br\/site\/wp-content\/uploads\/2024\/07\/site-moro-critica-janones-por-desinformar-sobre-atentado-a-trump-imbecil-janones-e-moro-foto.jpg\" alt=\"\" width=\"856\" height=\"565\" srcset=\"https:\/\/mspontocom.com.br\/site\/wp-content\/uploads\/2024\/07\/site-moro-critica-janones-por-desinformar-sobre-atentado-a-trump-imbecil-janones-e-moro-foto.jpg 856w, https:\/\/mspontocom.com.br\/site\/wp-content\/uploads\/2024\/07\/site-moro-critica-janones-por-desinformar-sobre-atentado-a-trump-imbecil-janones-e-moro-foto-260x172.jpg 260w, https:\/\/mspontocom.com.br\/site\/wp-content\/uploads\/2024\/07\/site-moro-critica-janones-por-desinformar-sobre-atentado-a-trump-imbecil-janones-e-moro-foto-768x507.jpg 768w\" sizes=\"(max-width: 856px) 100vw, 856px\" \/>O senador <strong>Sergio Moro<\/strong> afirmou que o deputado federal\u00a0<strong>Andr\u00e9 Janones<\/strong>\u00a0 \u201cenvergonha\u201d o Congresso Nacional.<\/p>\n<p style=\"text-align: justify;\">Em publica\u00e7\u00e3o no X, Moro chamou o deputado de <strong>\u201cimbecil\u201d<\/strong> em raz\u00e3o de suas publica\u00e7\u00f5es com teorias conspirat\u00f3rias sobre o atentado contra Donald Trump<\/p>\n<p style=\"text-align: justify;\">Andr\u00e9 Janones, aquele do \u00e1udio em que defende a rachadinha, tentou aparecer com suas insinua\u00e7\u00f5es.<\/p>\n<p style=\"text-align: justify;\">O deputado comparou o ataque a tiros contra Trump ao atentado sofrido pelo ex-presidente\u00a0<strong>Jair Bolsonaro<\/strong>\u00a0e usou a express\u00e3o \u201cfakeada\u201d para sugerir que o ataque durante com\u00edcio na Pensilv\u00e2nia, no s\u00e1bado, foi falso.<\/p>\n<p style=\"text-align: justify;\"><img loading=\"lazy\" class=\"alignnone size-full wp-image-192265\" src=\"https:\/\/mspontocom.com.br\/site\/wp-content\/uploads\/2024\/07\/site-janones1.jpg\" alt=\"\" width=\"506\" height=\"680\" srcset=\"https:\/\/mspontocom.com.br\/site\/wp-content\/uploads\/2024\/07\/site-janones1.jpg 506w, https:\/\/mspontocom.com.br\/site\/wp-content\/uploads\/2024\/07\/site-janones1-208x280.jpg 208w\" sizes=\"(max-width: 506px) 100vw, 506px\" \/><\/p>\n","protected":false},"excerpt":{"rendered":"<p>O senador Sergio Moro afirmou que o deputado federal\u00a0Andr\u00e9 Janones\u00a0 \u201cenvergonha\u201d o Congresso Nacional. Em publica\u00e7\u00e3o no X, Moro chamou o deputado de \u201cimbecil\u201d em raz\u00e3o de suas publica\u00e7\u00f5es com teorias conspirat\u00f3rias sobre o atentado contra Donald Trump Andr\u00e9 Janones, aquele do \u00e1udio em que defende a rachadinha, tentou aparecer com suas insinua\u00e7\u00f5es. O deputado [&hellip;]<\/p>\n","protected":false},"author":2,"featured_media":192266,"comment_status":"open","ping_status":"open","sticky":false,"template":"","format":"standard","meta":{"_monsterinsights_skip_tracking":false,"_monsterinsights_sitenote_active":false,"_monsterinsights_sitenote_note":"","_monsterinsights_sitenote_category":0},"categories":[6,12],"tags":[1885,6683,38366,23158,28326],"aioseo_notices":[],"_links":{"self":[{"href":"https:\/\/mspontocom.com.br\/site\/wp-json\/wp\/v2\/posts\/192263"}],"collection":[{"href":"https:\/\/mspontocom.com.br\/site\/wp-json\/wp\/v2\/posts"}],"about":[{"href":"https:\/\/mspontocom.com.br\/site\/wp-json\/wp\/v2\/types\/post"}],"author":[{"embeddable":true,"href":"https:\/\/mspontocom.com.br\/site\/wp-json\/wp\/v2\/users\/2"}],"replies":[{"embeddable":true,"href":"https:\/\/mspontocom.com.br\/site\/wp-json\/wp\/v2\/comments?post=192263"}],"version-history":[{"count":1,"href":"https:\/\/mspontocom.com.br\/site\/wp-json\/wp\/v2\/posts\/192263\/revisions"}],"predecessor-version":[{"id":192267,"href":"https:\/\/mspontocom.com.br\/site\/wp-json\/wp\/v2\/posts\/192263\/revisions\/192267"}],"wp:featuredmedia":[{"embeddable":true,"href":"https:\/\/mspontocom.com.br\/site\/wp-json\/wp\/v2\/media\/192266"}],"wp:attachment":[{"href":"https:\/\/mspontocom.com.br\/site\/wp-json\/wp\/v2\/media?parent=192263"}],"wp:term":[{"taxonomy":"category","embeddable":true,"href":"https:\/\/mspontocom.com.br\/site\/wp-json\/wp\/v2\/categories?post=192263"},{"taxonomy":"post_tag","embeddable":true,"href":"https:\/\/mspontocom.com.br\/site\/wp-json\/wp\/v2\/tags?post=192263"}],"curies":[{"name":"wp","href":"https:\/\/api.w.org\/{rel}","templated":true}]}}