{"id":192297,"date":"2024-07-16T13:03:08","date_gmt":"2024-07-16T17:03:08","guid":{"rendered":"https:\/\/mspontocom.com.br\/site\/?p=192297"},"modified":"2024-07-16T13:03:08","modified_gmt":"2024-07-16T17:03:08","slug":"senador-diz-ver-possibilidade-de-bolsonaro-elegivel-em-2026","status":"publish","type":"post","link":"https:\/\/mspontocom.com.br\/site\/senador-diz-ver-possibilidade-de-bolsonaro-elegivel-em-2026\/","title":{"rendered":"Senador diz ver possibilidade de Bolsonaro eleg\u00edvel em 2026"},"content":{"rendered":"<p style=\"text-align: justify;\"><img loading=\"lazy\" class=\"alignnone size-full wp-image-192298\" src=\"https:\/\/mspontocom.com.br\/site\/wp-content\/uploads\/2024\/07\/site-ciro-nogueira-diz-ver-possibilidade-de-bolsonaro-elegivel-em-2026-ciro.jpg\" alt=\"\" width=\"710\" height=\"599\" srcset=\"https:\/\/mspontocom.com.br\/site\/wp-content\/uploads\/2024\/07\/site-ciro-nogueira-diz-ver-possibilidade-de-bolsonaro-elegivel-em-2026-ciro.jpg 710w, https:\/\/mspontocom.com.br\/site\/wp-content\/uploads\/2024\/07\/site-ciro-nogueira-diz-ver-possibilidade-de-bolsonaro-elegivel-em-2026-ciro-260x219.jpg 260w\" sizes=\"(max-width: 710px) 100vw, 710px\" \/>O senador Ciro Nogueira (PP-PI) disse acreditar que o ex-presidente Jair Bolsonaro (PL) pode conseguir uma anistia ou a revers\u00e3o da decis\u00e3o que o tornou\u00a0ineleg\u00edvel at\u00e9 2030.<\/p>\n<p style=\"text-align: justify;\">A declara\u00e7\u00e3o foi feita em entrevista\u00a0 ao UOL News.<\/p>\n<p style=\"text-align: justify;\">Segundo Ciro, \u201cgrande parte dos senadores vai precisar do apoio de Bolsonaro\u201d nas elei\u00e7\u00f5es de 2026.<\/p>\n<p style=\"text-align: justify;\"><em> \u201cS\u00f3 ter\u00edamos que reverter em torno de 8 senadores para votar a anistia ao Bolsonaro. Esses 8 senadores v\u00e3o pensar duas vezes para votar contra essa anistia a partir do pr\u00f3ximo ano\u201d,<\/em> disse.<\/p>\n<p>Aliados de Bolsonaro ainda o tratam publicamente como op\u00e7\u00e3o vi\u00e1vel para concorrer na elei\u00e7\u00e3o presidencial de 2026, mesmo com sua inelegibilidade at\u00e9 2030.<\/p>\n<p style=\"text-align: justify;\">O senador falou sobre uma mudan\u00e7a \u201cno condicionamento do Senado\u201d a partir do pleito de 2026.<\/p>\n<p style=\"text-align: justify;\">Segundo ele, \u201cd\u00e1 at\u00e9 para discutir\u201d se o presidente Luiz In\u00e1cio Lula da Silva (PT) vai se reeleger ou o Planalto ficar\u00e1 nas m\u00e3os de outra pessoa, como de Bolsonaro ou do governador de S\u00e3o Paulo, Tarc\u00edsio de Freitas (Republicanos).<\/p>\n<p style=\"text-align: justify;\">Fonte: Poder 360<\/p>\n","protected":false},"excerpt":{"rendered":"<p>O senador Ciro Nogueira (PP-PI) disse acreditar que o ex-presidente Jair Bolsonaro (PL) pode conseguir uma anistia ou a revers\u00e3o da decis\u00e3o que o tornou\u00a0ineleg\u00edvel at\u00e9 2030. A declara\u00e7\u00e3o foi feita em entrevista\u00a0 ao UOL News. Segundo Ciro, \u201cgrande parte dos senadores vai precisar do apoio de Bolsonaro\u201d nas elei\u00e7\u00f5es de 2026. \u201cS\u00f3 ter\u00edamos que [&hellip;]<\/p>\n","protected":false},"author":2,"featured_media":192298,"comment_status":"open","ping_status":"open","sticky":false,"template":"","format":"standard","meta":{"_monsterinsights_skip_tracking":false,"_monsterinsights_sitenote_active":false,"_monsterinsights_sitenote_note":"","_monsterinsights_sitenote_category":0},"categories":[6,30260,30259,12],"tags":[34531,21017,37682,41572,29278,3698],"aioseo_notices":[],"_links":{"self":[{"href":"https:\/\/mspontocom.com.br\/site\/wp-json\/wp\/v2\/posts\/192297"}],"collection":[{"href":"https:\/\/mspontocom.com.br\/site\/wp-json\/wp\/v2\/posts"}],"about":[{"href":"https:\/\/mspontocom.com.br\/site\/wp-json\/wp\/v2\/types\/post"}],"author":[{"embeddable":true,"href":"https:\/\/mspontocom.com.br\/site\/wp-json\/wp\/v2\/users\/2"}],"replies":[{"embeddable":true,"href":"https:\/\/mspontocom.com.br\/site\/wp-json\/wp\/v2\/comments?post=192297"}],"version-history":[{"count":2,"href":"https:\/\/mspontocom.com.br\/site\/wp-json\/wp\/v2\/posts\/192297\/revisions"}],"predecessor-version":[{"id":192300,"href":"https:\/\/mspontocom.com.br\/site\/wp-json\/wp\/v2\/posts\/192297\/revisions\/192300"}],"wp:featuredmedia":[{"embeddable":true,"href":"https:\/\/mspontocom.com.br\/site\/wp-json\/wp\/v2\/media\/192298"}],"wp:attachment":[{"href":"https:\/\/mspontocom.com.br\/site\/wp-json\/wp\/v2\/media?parent=192297"}],"wp:term":[{"taxonomy":"category","embeddable":true,"href":"https:\/\/mspontocom.com.br\/site\/wp-json\/wp\/v2\/categories?post=192297"},{"taxonomy":"post_tag","embeddable":true,"href":"https:\/\/mspontocom.com.br\/site\/wp-json\/wp\/v2\/tags?post=192297"}],"curies":[{"name":"wp","href":"https:\/\/api.w.org\/{rel}","templated":true}]}}