{"id":192320,"date":"2024-07-17T06:14:18","date_gmt":"2024-07-17T10:14:18","guid":{"rendered":"https:\/\/mspontocom.com.br\/site\/?p=192320"},"modified":"2024-07-17T06:14:18","modified_gmt":"2024-07-17T10:14:18","slug":"brian-winter-diz-que-globonews-e-irresponsavel-por-tratar-atentado-de-trump-como-armacao","status":"publish","type":"post","link":"https:\/\/mspontocom.com.br\/site\/brian-winter-diz-que-globonews-e-irresponsavel-por-tratar-atentado-de-trump-como-armacao\/","title":{"rendered":"Brian Winter diz que GloboNews \u00e9 \u2018irrespons\u00e1vel\u2019 por tratar atentado de Trump como arma\u00e7\u00e3o"},"content":{"rendered":"<p style=\"text-align: justify;\"><img loading=\"lazy\" class=\"alignnone size-full wp-image-192321\" src=\"https:\/\/mspontocom.com.br\/site\/wp-content\/uploads\/2024\/07\/site-brian-winter-diz-que-globonews-e-irresponsavel-por-tratar-atentado-de-trump-como-armacao-brian.jpg\" alt=\"\" width=\"950\" height=\"444\" srcset=\"https:\/\/mspontocom.com.br\/site\/wp-content\/uploads\/2024\/07\/site-brian-winter-diz-que-globonews-e-irresponsavel-por-tratar-atentado-de-trump-como-armacao-brian.jpg 950w, https:\/\/mspontocom.com.br\/site\/wp-content\/uploads\/2024\/07\/site-brian-winter-diz-que-globonews-e-irresponsavel-por-tratar-atentado-de-trump-como-armacao-brian-260x122.jpg 260w, https:\/\/mspontocom.com.br\/site\/wp-content\/uploads\/2024\/07\/site-brian-winter-diz-que-globonews-e-irresponsavel-por-tratar-atentado-de-trump-como-armacao-brian-768x359.jpg 768w\" sizes=\"(max-width: 950px) 100vw, 950px\" \/>Um verdadeiro clim\u00e3o tomou conta do \u201cEdi\u00e7\u00e3o das 08h\u201d, telejornal da GloboNews, durante um debate sobre o tiro de rasp\u00e3o sofrido por Donald Trump.<\/p>\n<p style=\"text-align: justify;\">Nada satisfeito com a forma como o caso estava sendo tratado, um dos convidados soltou o verbo ao vivo\u00a0e deu um \u201cpux\u00e3o de orelha\u201d daqueles no canal de not\u00edcias.<\/p>\n<p style=\"text-align: justify;\">Tudo come\u00e7ou com a fala de Amauri Chamorro, que deixou uma d\u00favida no ar com rela\u00e7\u00e3o a veracidade do atentado.<\/p>\n<p style=\"text-align: justify;\"><em>\u201c\u00c9 dif\u00edcil afirmar se houve um atentado ou se aquilo ali foi inventado, at\u00e9 porque a gente tem morto e feridos. No entanto, a gente sabe da capacidade dos Estados Unidos em criar fatos, mesmo que esses fatos possam custar a vida de pessoas\u201d<\/em>, comentou.<\/p>\n<p style=\"text-align: justify;\">Brian Winter que \u00e9 editor do Am\u00e9ricas Quarterly criticou a fala\u00a0 e alfinetou o canal pertencente ao Grupo Globo.<\/p>\n<p style=\"text-align: justify;\"><em>\u201cEu acho irrespons\u00e1vel falar desse atentado como se fosse uma arma\u00e7\u00e3o. N\u00e3o acho digno de um ve\u00edculo de qualidade como a GloboNews\u2026 \u00c9 quase imposs\u00edvel pensar nisso\u201d<\/em>, disparou<\/p>\n<p style=\"text-align: justify;\"><em><strong>\u201cSurpreende-me isso em um ve\u00edculo como a Globonews\u201d, afirmou Winter. \u201cN\u00e3o \u00e9 o dia para fazer isso. Acho que \u00e9 mais um dia para analisar o impacto pol\u00edtico, mas, por favor, n\u00e3o \u00e9 o dia para esse tipo de especula\u00e7\u00e3o rid\u00edcula.\u201d<\/strong><\/em><\/p>\n<p style=\"text-align: justify;\">As informa\u00e7\u00f5es s\u00e3o da\u00a0<strong><em>Revista Oeste<\/em><\/strong><\/p>\n","protected":false},"excerpt":{"rendered":"<p>Um verdadeiro clim\u00e3o tomou conta do \u201cEdi\u00e7\u00e3o das 08h\u201d, telejornal da GloboNews, durante um debate sobre o tiro de rasp\u00e3o sofrido por Donald Trump. Nada satisfeito com a forma como o caso estava sendo tratado, um dos convidados soltou o verbo ao vivo\u00a0e deu um \u201cpux\u00e3o de orelha\u201d daqueles no canal de not\u00edcias. Tudo come\u00e7ou [&hellip;]<\/p>\n","protected":false},"author":2,"featured_media":192321,"comment_status":"open","ping_status":"open","sticky":false,"template":"","format":"standard","meta":{"_monsterinsights_skip_tracking":false,"_monsterinsights_sitenote_active":false,"_monsterinsights_sitenote_note":"","_monsterinsights_sitenote_category":0},"categories":[7,12],"tags":[29971,41577,1885,41576,17621,28326],"aioseo_notices":[],"_links":{"self":[{"href":"https:\/\/mspontocom.com.br\/site\/wp-json\/wp\/v2\/posts\/192320"}],"collection":[{"href":"https:\/\/mspontocom.com.br\/site\/wp-json\/wp\/v2\/posts"}],"about":[{"href":"https:\/\/mspontocom.com.br\/site\/wp-json\/wp\/v2\/types\/post"}],"author":[{"embeddable":true,"href":"https:\/\/mspontocom.com.br\/site\/wp-json\/wp\/v2\/users\/2"}],"replies":[{"embeddable":true,"href":"https:\/\/mspontocom.com.br\/site\/wp-json\/wp\/v2\/comments?post=192320"}],"version-history":[{"count":1,"href":"https:\/\/mspontocom.com.br\/site\/wp-json\/wp\/v2\/posts\/192320\/revisions"}],"predecessor-version":[{"id":192322,"href":"https:\/\/mspontocom.com.br\/site\/wp-json\/wp\/v2\/posts\/192320\/revisions\/192322"}],"wp:featuredmedia":[{"embeddable":true,"href":"https:\/\/mspontocom.com.br\/site\/wp-json\/wp\/v2\/media\/192321"}],"wp:attachment":[{"href":"https:\/\/mspontocom.com.br\/site\/wp-json\/wp\/v2\/media?parent=192320"}],"wp:term":[{"taxonomy":"category","embeddable":true,"href":"https:\/\/mspontocom.com.br\/site\/wp-json\/wp\/v2\/categories?post=192320"},{"taxonomy":"post_tag","embeddable":true,"href":"https:\/\/mspontocom.com.br\/site\/wp-json\/wp\/v2\/tags?post=192320"}],"curies":[{"name":"wp","href":"https:\/\/api.w.org\/{rel}","templated":true}]}}