{"id":192330,"date":"2024-07-17T05:05:31","date_gmt":"2024-07-17T09:05:31","guid":{"rendered":"https:\/\/mspontocom.com.br\/site\/?p=192330"},"modified":"2024-07-17T06:41:57","modified_gmt":"2024-07-17T10:41:57","slug":"aguas-guariroba-participa-do-forum-ms-economia-inteligente","status":"publish","type":"post","link":"https:\/\/mspontocom.com.br\/site\/aguas-guariroba-participa-do-forum-ms-economia-inteligente\/","title":{"rendered":"\u00c1guas Guariroba participa do F\u00f3rum MS Economia Inteligente"},"content":{"rendered":"<div style=\"text-align: justify;\"><img loading=\"lazy\" class=\"alignnone size-full wp-image-192331\" src=\"https:\/\/mspontocom.com.br\/site\/wp-content\/uploads\/2024\/07\/site-aguas-guariroba-participa-do-forum-ms-economia-inteligente-aguas-guariroba-1.jpg\" alt=\"\" width=\"660\" height=\"440\" srcset=\"https:\/\/mspontocom.com.br\/site\/wp-content\/uploads\/2024\/07\/site-aguas-guariroba-participa-do-forum-ms-economia-inteligente-aguas-guariroba-1.jpg 660w, https:\/\/mspontocom.com.br\/site\/wp-content\/uploads\/2024\/07\/site-aguas-guariroba-participa-do-forum-ms-economia-inteligente-aguas-guariroba-1-260x173.jpg 260w\" sizes=\"(max-width: 660px) 100vw, 660px\" \/>O F\u00f3rum MS Economia Inteligente contar\u00e1 com a participa\u00e7\u00e3o da \u00c1guas Guariroba nessa quinta-feira (18).<\/div>\n<div style=\"text-align: justify;\"><\/div>\n<div style=\"text-align: justify;\">O gerente do Meio Ambiente e Qualidade da \u00c1guas Guariroba, Fernando Garayo, palestrar\u00e1 sobre o \u201cSaneamento Inteligente: Do ESG \u00e0 pr\u00e1tica\u201d, \u00e0s 9h50.<\/div>\n<div style=\"text-align: justify;\"><\/div>\n<div style=\"text-align: justify;\">ESG \u00e9 a sigla em ingl\u00eas para \u201cenvironmental, social and governance\u201d e significa \u201cambiental, social e governan\u00e7a\u201d em portugu\u00eas, \u00e9 um conjunto de princ\u00edpios que mede o impacto que as a\u00e7\u00f5es de sustentabilidade geram nos resultados das empresas.<\/div>\n<div style=\"text-align: justify;\"><\/div>\n<div style=\"text-align: justify;\">O F\u00f3rum tem como foco os nos impactos ambientais, sociais, econ\u00f4micos para o Estado de Mato Grosso do Sul e seus parceiros.<\/div>\n<div style=\"text-align: justify;\"><\/div>\n<div style=\"text-align: justify;\">A proposta de valor \u00e9 voltada a promo\u00e7\u00e3o de conex\u00f5es, neg\u00f3cios, interc\u00e2mbio internacional, conhecimento atrelados ao impacto ambiental social e econ\u00f4mico na Rota Bioce\u00e2nica.<\/div>\n<div style=\"text-align: justify;\"><\/div>\n<div style=\"text-align: justify;\">O evento acontecer\u00e1 no Centro de Conven\u00e7\u00f5es Rubens Gil de Camillo, audit\u00f3rio Manuel de Barros e contar\u00e1 com palestras sobre pr\u00e1ticas sustent\u00e1veis, reciclagem e gest\u00e3o ambiental.<\/div>\n<div>\n<p style=\"text-align: justify;\">Veja mais not\u00edcias em: <a href=\"http:\/\/www.mspontocom.com.br\">www.mspontocom.com.br<\/a><\/p>\n<p style=\"text-align: justify;\">Nosso X (Twitter) @mspontocom<\/p>\n<\/div>\n","protected":false},"excerpt":{"rendered":"<p>O F\u00f3rum MS Economia Inteligente contar\u00e1 com a participa\u00e7\u00e3o da \u00c1guas Guariroba nessa quinta-feira (18). O gerente do Meio Ambiente e Qualidade da \u00c1guas Guariroba, Fernando Garayo, palestrar\u00e1 sobre o \u201cSaneamento Inteligente: Do ESG \u00e0 pr\u00e1tica\u201d, \u00e0s 9h50. ESG \u00e9 a sigla em ingl\u00eas para \u201cenvironmental, social and governance\u201d e significa \u201cambiental, social e governan\u00e7a\u201d [&hellip;]<\/p>\n","protected":false},"author":2,"featured_media":192331,"comment_status":"open","ping_status":"open","sticky":false,"template":"","format":"standard","meta":{"_monsterinsights_skip_tracking":false,"_monsterinsights_sitenote_active":false,"_monsterinsights_sitenote_note":"","_monsterinsights_sitenote_category":0},"categories":[4328],"tags":[5131,41579],"aioseo_notices":[],"_links":{"self":[{"href":"https:\/\/mspontocom.com.br\/site\/wp-json\/wp\/v2\/posts\/192330"}],"collection":[{"href":"https:\/\/mspontocom.com.br\/site\/wp-json\/wp\/v2\/posts"}],"about":[{"href":"https:\/\/mspontocom.com.br\/site\/wp-json\/wp\/v2\/types\/post"}],"author":[{"embeddable":true,"href":"https:\/\/mspontocom.com.br\/site\/wp-json\/wp\/v2\/users\/2"}],"replies":[{"embeddable":true,"href":"https:\/\/mspontocom.com.br\/site\/wp-json\/wp\/v2\/comments?post=192330"}],"version-history":[{"count":1,"href":"https:\/\/mspontocom.com.br\/site\/wp-json\/wp\/v2\/posts\/192330\/revisions"}],"predecessor-version":[{"id":192332,"href":"https:\/\/mspontocom.com.br\/site\/wp-json\/wp\/v2\/posts\/192330\/revisions\/192332"}],"wp:featuredmedia":[{"embeddable":true,"href":"https:\/\/mspontocom.com.br\/site\/wp-json\/wp\/v2\/media\/192331"}],"wp:attachment":[{"href":"https:\/\/mspontocom.com.br\/site\/wp-json\/wp\/v2\/media?parent=192330"}],"wp:term":[{"taxonomy":"category","embeddable":true,"href":"https:\/\/mspontocom.com.br\/site\/wp-json\/wp\/v2\/categories?post=192330"},{"taxonomy":"post_tag","embeddable":true,"href":"https:\/\/mspontocom.com.br\/site\/wp-json\/wp\/v2\/tags?post=192330"}],"curies":[{"name":"wp","href":"https:\/\/api.w.org\/{rel}","templated":true}]}}