{"id":192368,"date":"2024-07-19T05:48:14","date_gmt":"2024-07-19T09:48:14","guid":{"rendered":"https:\/\/mspontocom.com.br\/site\/?p=192368"},"modified":"2024-07-19T05:48:14","modified_gmt":"2024-07-19T09:48:14","slug":"estadao-lula-obcecado-com-popularidade-e-um-risco-para-a-populacao","status":"publish","type":"post","link":"https:\/\/mspontocom.com.br\/site\/estadao-lula-obcecado-com-popularidade-e-um-risco-para-a-populacao\/","title":{"rendered":"Estad\u00e3o: Lula obcecado com popularidade \u00e9 um risco para a popula\u00e7\u00e3o"},"content":{"rendered":"<p class=\"styles__ParagraphStyled-sc-6adecn-0 lcTbYw \" style=\"text-align: justify;\"><img loading=\"lazy\" class=\"alignnone size-full wp-image-192378\" src=\"https:\/\/mspontocom.com.br\/site\/wp-content\/uploads\/2024\/07\/site-estadao-lula-obcecado-com-popularidade-e-um-risco-para-a-populacao-ibovespa.jpg\" alt=\"\" width=\"1024\" height=\"576\" srcset=\"https:\/\/mspontocom.com.br\/site\/wp-content\/uploads\/2024\/07\/site-estadao-lula-obcecado-com-popularidade-e-um-risco-para-a-populacao-ibovespa.jpg 1024w, https:\/\/mspontocom.com.br\/site\/wp-content\/uploads\/2024\/07\/site-estadao-lula-obcecado-com-popularidade-e-um-risco-para-a-populacao-ibovespa-260x146.jpg 260w, https:\/\/mspontocom.com.br\/site\/wp-content\/uploads\/2024\/07\/site-estadao-lula-obcecado-com-popularidade-e-um-risco-para-a-populacao-ibovespa-768x432.jpg 768w\" sizes=\"(max-width: 1024px) 100vw, 1024px\" \/>Governantes muitas vezes s\u00e3o inseguros e viciados em aplausos.<\/p>\n<p class=\"styles__ParagraphStyled-sc-6adecn-0 lcTbYw \" style=\"text-align: justify;\">Mesmo sendo temidos, d\u00f3i para os poderosos n\u00e3o serem amados.<\/p>\n<p class=\"styles__ParagraphStyled-sc-6adecn-0 lcTbYw \" style=\"text-align: justify;\">O problema, para n\u00f3s mortais, \u00e9 quando eles come\u00e7am a tomar medidas em busca da aprova\u00e7\u00e3o imediata mesmo que ao custo do futuro do Pa\u00eds.<\/p>\n<p class=\"styles__ParagraphStyled-sc-6adecn-0 lcTbYw \" style=\"text-align: justify;\">O\u00a0<a href=\"https:\/\/www.estadao.com.br\/tudo-sobre\/lula-luiz-inacio-lula-da-silva\/\" target=\"_blank\" rel=\"noopener\">presidente Lula<\/a>\u00a0oscila entre buscar esse caminho arriscado ou manter uma responsabilidade prec\u00e1ria.<\/p>\n<p class=\"styles__ParagraphStyled-sc-6adecn-0 lcTbYw \" style=\"text-align: justify;\">Uma evid\u00eancia disso \u00e9 que Lula voltou a dizer que n\u00e3o est\u00e1 seguro se o pa\u00eds precisa de ajustes nas contas, n\u00e3o sabe se precisa cortar gastos.<\/p>\n<p class=\"styles__ParagraphStyled-sc-6adecn-0 lcTbYw \" style=\"text-align: justify;\">Talvez esteja convencido de que seus ataques recentes ao presidente do\u00a0<a href=\"https:\/\/www.estadao.com.br\/tudo-sobre\/banco-central-do-brasil\/\" target=\"_blank\" rel=\"noopener\">Banco Central<\/a>\u00a0e \u00e0s taxas de juros o fizeram crescer uns tr\u00eas ou quatro pontos percentuais de popularidade, que seria seu principal objetivo.<\/p>\n<p style=\"text-align: justify;\">Por\u00e9m, essa pequena gl\u00f3ria de Lula tem pre\u00e7o.<\/p>\n<p style=\"text-align: justify;\">Suas falas contra o mercado fizeram subir os juros futuros, aumentar a cota\u00e7\u00e3o do d\u00f3lar, que rebate na infla\u00e7\u00e3o, sobretudo no pre\u00e7o dos alimentos \u2013 processo que, no final, prejudica a popula\u00e7\u00e3o e o pr\u00f3prio governo.<\/p>\n<p style=\"text-align: justify;\">Ou seja, para receber elogios de mais gente no dia de hoje, o presidente afetou negativamente todos no m\u00e9dio e longo-prazo, inclusive ele pr\u00f3prio. Vai entender.<\/p>\n<p style=\"text-align: justify;\">Mas, para quem est\u00e1 perturbado com popularidade, como talvez seja o caso do inquilino do gabinete presidencial do terceiro andar do Pal\u00e1cio do Planalto, h\u00e1 duas m\u00e1s not\u00edcias.<\/p>\n<p style=\"text-align: justify;\">A primeira, j\u00e1 sabida, \u00e9 que a sociedade est\u00e1 calcificada e milh\u00f5es ir\u00e3o se opor ao governo n\u00e3o importa a qualidade das suas entregas. \u00c9 um fen\u00f4meno ideol\u00f3gico mundial.<\/p>\n<p style=\"text-align: justify;\">Outra \u00e9 que, se voc\u00ea compara os gr\u00e1ficos de popularidade com as cota\u00e7\u00f5es das commodities ao longo das \u00faltimas tr\u00eas d\u00e9cadas, poder\u00e1 perceber que a aprova\u00e7\u00e3o de governantes latino-americanos t\u00eam mais a ver com o pre\u00e7o das mat\u00e9rias-primas produzidas nos pa\u00edses do que suas a\u00e7\u00f5es internas.<\/p>\n<p style=\"text-align: justify;\">Lula cravou seus quase 90% de popularidade no boom da venda de produtos como soja e min\u00e9rio de ferro.<\/p>\n<p style=\"text-align: justify;\">O mesmo ocorria com Ch\u00e1vez e o petr\u00f3leo venezuelano. Eram muitos recursos entrando no caixa.<\/p>\n<p class=\"styles__ParagraphStyled-sc-6adecn-0 lcTbYw \" style=\"text-align: justify;\">Sem essa ajudinha externa, Lula est\u00e1 com parte dos bra\u00e7os e pernas atadas.<\/p>\n<p class=\"styles__ParagraphStyled-sc-6adecn-0 lcTbYw \" style=\"text-align: justify;\">Sem margem de manobra, deveria se concentrar em tocar as a\u00e7\u00f5es necess\u00e1rias, quase sempre impopulares, e deixar de lado seu encantamento com os \u00edndices da aprova\u00e7\u00e3o.<\/p>\n<p class=\"styles__ParagraphStyled-sc-6adecn-0 lcTbYw \" style=\"text-align: justify;\">Fazer o que precisa ser feito em geral, talvez na maioria das vezes, \u00e9 impopular.<\/p>\n<p class=\"styles__ParagraphStyled-sc-6adecn-0 lcTbYw \" style=\"text-align: justify;\">Por exemplo, em um pa\u00eds em que cada vez mais os casais t\u00eam menos filhos e os idosos vivem por mais tempo, \u00e9 imperioso promover uma reforma da Previd\u00eancia, quest\u00e3o de aritm\u00e9tica e redistribui\u00e7\u00e3o.<\/p>\n<p class=\"styles__ParagraphStyled-sc-6adecn-0 lcTbYw \" style=\"text-align: justify;\">Da mesma maneira, a partir do momento em que as regras de prote\u00e7\u00e3o trabalhistas come\u00e7am a prejudicar a gera\u00e7\u00e3o de empregos, \u00e9 preciso alterar a legisla\u00e7\u00e3o, mesmo com a oposi\u00e7\u00e3o da sociedade.<\/p>\n<p class=\"styles__ParagraphStyled-sc-6adecn-0 lcTbYw \" style=\"text-align: justify;\"><strong>Estadistas agem assim. Populistas fogem disso.<\/strong><\/p>\n<p class=\"styles__ParagraphStyled-sc-6adecn-0 lcTbYw \" style=\"text-align: justify;\">Um pa\u00eds em que os gastos do Estado crescem de maneira mais veloz do que a arrecada\u00e7\u00e3o tem poucas sa\u00eddas.<\/p>\n<p class=\"styles__ParagraphStyled-sc-6adecn-0 lcTbYw \" style=\"text-align: justify;\">Ou diminui a gastan\u00e7a ou taxa mais a sociedade, ambas medidas impopulares.<\/p>\n<p class=\"styles__ParagraphStyled-sc-6adecn-0 lcTbYw \" style=\"text-align: justify;\">Ali\u00e1s, pela primeira vez na hist\u00f3ria da humanidade um governo se preocupou tanto com a enxurrada de memes bem-humorados sobre a obsess\u00e3o necess\u00e1ria do ministro da Fazenda Fernando Haddad em buscar recursos.<\/p>\n<p class=\"styles__ParagraphStyled-sc-6adecn-0 lcTbYw \" style=\"text-align: justify;\">Orquestrado ou n\u00e3o, impreciso ou n\u00e3o, mal-intencionado ou n\u00e3o, bom humor deveria ser combatido com bom humor, n\u00e3o com resmungos, coisa de quem sabe que perdeu a batalha.<\/p>\n<p class=\"styles__ParagraphStyled-sc-6adecn-0 lcTbYw \" style=\"text-align: justify;\">A quest\u00e3o tamb\u00e9m \u00e9 que nunca o Partido dos Trabalhadores apoiou medidas de outros governo quando essas se revelavam impopulares \u2013 mesmo que necess\u00e1rias.<\/p>\n<p class=\"styles__ParagraphStyled-sc-6adecn-0 lcTbYw \" style=\"text-align: justify;\">Colocava toda sua artilharia para atacar o governante de plant\u00e3o.<\/p>\n<p class=\"styles__ParagraphStyled-sc-6adecn-0 lcTbYw \" style=\"text-align: justify;\">Ali\u00e1s, Bolsonaro tem feito a mesma coisa.<\/p>\n<p class=\"styles__ParagraphStyled-sc-6adecn-0 lcTbYw \" style=\"text-align: justify;\">Pobres dos tucanos que, na pol\u00edtica de \u201capoiar o que \u00e9 bom e de se opor ao que \u00e9 ruim\u201d, quase sumiram do mapa.<\/p>\n<p class=\"styles__ParagraphStyled-sc-6adecn-0 lcTbYw \" style=\"text-align: justify;\">Pol\u00edtica infelizmente tem algo de preto no branco, de n\u00e3o ser sutil, Trump que o diga.<\/p>\n<p style=\"text-align: justify;\">fonte: Fabiano Lana, O Estad\u00e3o<\/p>\n<p style=\"text-align: justify;\">Veja mais not\u00edcias em: <a href=\"http:\/\/www.mspontocom.com.br\">www.mspontocom.com.br<\/a><\/p>\n<p style=\"text-align: justify;\">Nosso X (Twitter) @mspontocom<\/p>\n","protected":false},"excerpt":{"rendered":"<p>Governantes muitas vezes s\u00e3o inseguros e viciados em aplausos. Mesmo sendo temidos, d\u00f3i para os poderosos n\u00e3o serem amados. O problema, para n\u00f3s mortais, \u00e9 quando eles come\u00e7am a tomar medidas em busca da aprova\u00e7\u00e3o imediata mesmo que ao custo do futuro do Pa\u00eds. O\u00a0presidente Lula\u00a0oscila entre buscar esse caminho arriscado ou manter uma responsabilidade [&hellip;]<\/p>\n","protected":false},"author":2,"featured_media":192378,"comment_status":"open","ping_status":"open","sticky":false,"template":"","format":"standard","meta":{"_monsterinsights_skip_tracking":false,"_monsterinsights_sitenote_active":false,"_monsterinsights_sitenote_note":"","_monsterinsights_sitenote_category":0},"categories":[6,30260,30259,12],"tags":[480,41586,21822,4403,25009],"aioseo_notices":[],"_links":{"self":[{"href":"https:\/\/mspontocom.com.br\/site\/wp-json\/wp\/v2\/posts\/192368"}],"collection":[{"href":"https:\/\/mspontocom.com.br\/site\/wp-json\/wp\/v2\/posts"}],"about":[{"href":"https:\/\/mspontocom.com.br\/site\/wp-json\/wp\/v2\/types\/post"}],"author":[{"embeddable":true,"href":"https:\/\/mspontocom.com.br\/site\/wp-json\/wp\/v2\/users\/2"}],"replies":[{"embeddable":true,"href":"https:\/\/mspontocom.com.br\/site\/wp-json\/wp\/v2\/comments?post=192368"}],"version-history":[{"count":2,"href":"https:\/\/mspontocom.com.br\/site\/wp-json\/wp\/v2\/posts\/192368\/revisions"}],"predecessor-version":[{"id":192379,"href":"https:\/\/mspontocom.com.br\/site\/wp-json\/wp\/v2\/posts\/192368\/revisions\/192379"}],"wp:featuredmedia":[{"embeddable":true,"href":"https:\/\/mspontocom.com.br\/site\/wp-json\/wp\/v2\/media\/192378"}],"wp:attachment":[{"href":"https:\/\/mspontocom.com.br\/site\/wp-json\/wp\/v2\/media?parent=192368"}],"wp:term":[{"taxonomy":"category","embeddable":true,"href":"https:\/\/mspontocom.com.br\/site\/wp-json\/wp\/v2\/categories?post=192368"},{"taxonomy":"post_tag","embeddable":true,"href":"https:\/\/mspontocom.com.br\/site\/wp-json\/wp\/v2\/tags?post=192368"}],"curies":[{"name":"wp","href":"https:\/\/api.w.org\/{rel}","templated":true}]}}