{"id":192393,"date":"2024-07-20T07:23:49","date_gmt":"2024-07-20T11:23:49","guid":{"rendered":"https:\/\/mspontocom.com.br\/site\/?p=192393"},"modified":"2024-07-20T07:23:49","modified_gmt":"2024-07-20T11:23:49","slug":"mensagem-sugere-negocios-do-filho-de-lula-em-cuba","status":"publish","type":"post","link":"https:\/\/mspontocom.com.br\/site\/mensagem-sugere-negocios-do-filho-de-lula-em-cuba\/","title":{"rendered":"Mensagem sugere neg\u00f3cios do filho de Lula em Cuba"},"content":{"rendered":"<p style=\"text-align: justify;\"><img loading=\"lazy\" class=\"alignnone size-full wp-image-192394\" src=\"https:\/\/mspontocom.com.br\/site\/wp-content\/uploads\/2024\/07\/site-mensagem-sugere-negocios-do-filho-de-lula-em-cuba-luis.jpg\" alt=\"\" width=\"675\" height=\"450\" srcset=\"https:\/\/mspontocom.com.br\/site\/wp-content\/uploads\/2024\/07\/site-mensagem-sugere-negocios-do-filho-de-lula-em-cuba-luis.jpg 675w, https:\/\/mspontocom.com.br\/site\/wp-content\/uploads\/2024\/07\/site-mensagem-sugere-negocios-do-filho-de-lula-em-cuba-luis-260x173.jpg 260w\" sizes=\"(max-width: 675px) 100vw, 675px\" \/>No Congresso, a repercuss\u00e3o da mensagem de Lulinha na qual <strong>chama a madrasta e primeira-dama Janja de \u201cputa\u201d<\/strong> foi al\u00e9m do xingamento, que pegou fogo nas redes sociais.<\/p>\n<p style=\"text-align: justify;\">A troca de textos revela tamb\u00e9m que o filho do presidente Lula (PT) assinaria \u201ctermo de compromisso\u201d com uma \u201cempresa\u201d em Cuba, uma ditadura comunista, onde ele encontraria o pai mais tarde no dia, segundo revelou a conversa vazada na imprensa.<\/p>\n<div class=\"notas\">\n<div id=\"Nota-2\" class=\"entry-block ch-nota Nota-2\" style=\"text-align: justify;\">\n<h3>Coincid\u00eancia?<\/h3>\n<\/div>\n<p style=\"text-align: justify;\">Lula fez visita oficial a Havana em setembro de 2023. Lulinha estava no pa\u00eds, de onde enviou mensagem \u00e0 ex-mulher, que o acusa de agress\u00e3o.<\/p>\n<div id=\"Nota-3\" class=\"entry-block ch-nota Nota-3\" style=\"text-align: justify;\">\n<h3>Informa\u00e7\u00e3o requerida<\/h3>\n<\/div>\n<p style=\"text-align: justify;\">O senador Eduardo Gir\u00e3o (Novo-CE) j\u00e1 informou que vai apresentar requerimento para apurar os v\u00ednculos de Lulinha com neg\u00f3cios em Cuba.<\/p>\n<div id=\"Nota-4\" class=\"entry-block ch-nota Nota-4\" style=\"text-align: justify;\">\n<h3>Cabuloso<\/h3>\n<\/div>\n<p style=\"text-align: justify;\">Para \u2060Jos\u00e9 Medeiros (PL-MT) chama aten\u00e7\u00e3o \u201cn\u00e3o a semelhan\u00e7a do filho com o pai em rela\u00e7\u00e3o \u00e0s mulheres e sim o teor do di\u00e1logo cabuloso\u201d.<\/p>\n<div id=\"Nota-5\" class=\"entry-block ch-nota Nota-5\" style=\"text-align: justify;\">\n<h3>Sem resposta<\/h3>\n<\/div>\n<p style=\"text-align: justify;\">Procurado, o Pal\u00e1cio do Planalto n\u00e3o respondeu aos questionamentos da coluna acerca da empresa cubana e os neg\u00f3cios de Lulinha.<\/p>\n<p style=\"text-align: justify;\">fonte: Coluna Claudio Humberto, Di\u00e1rio do Poder<\/p>\n<p style=\"text-align: justify;\">Veja mais not\u00edcias em: <a href=\"http:\/\/www.mspontocom.com.br\">www.mspontocom.com.br<\/a><\/p>\n<p style=\"text-align: justify;\">Nosso X (Twitter) @mspontocom<\/p>\n<\/div>\n","protected":false},"excerpt":{"rendered":"<p>No Congresso, a repercuss\u00e3o da mensagem de Lulinha na qual chama a madrasta e primeira-dama Janja de \u201cputa\u201d foi al\u00e9m do xingamento, que pegou fogo nas redes sociais. A troca de textos revela tamb\u00e9m que o filho do presidente Lula (PT) assinaria \u201ctermo de compromisso\u201d com uma \u201cempresa\u201d em Cuba, uma ditadura comunista, onde ele [&hellip;]<\/p>\n","protected":false},"author":2,"featured_media":192394,"comment_status":"open","ping_status":"open","sticky":false,"template":"","format":"standard","meta":{"_monsterinsights_skip_tracking":false,"_monsterinsights_sitenote_active":false,"_monsterinsights_sitenote_note":"","_monsterinsights_sitenote_category":0},"categories":[6,30260,30259,12],"tags":[2580,23776,21918,778],"aioseo_notices":[],"_links":{"self":[{"href":"https:\/\/mspontocom.com.br\/site\/wp-json\/wp\/v2\/posts\/192393"}],"collection":[{"href":"https:\/\/mspontocom.com.br\/site\/wp-json\/wp\/v2\/posts"}],"about":[{"href":"https:\/\/mspontocom.com.br\/site\/wp-json\/wp\/v2\/types\/post"}],"author":[{"embeddable":true,"href":"https:\/\/mspontocom.com.br\/site\/wp-json\/wp\/v2\/users\/2"}],"replies":[{"embeddable":true,"href":"https:\/\/mspontocom.com.br\/site\/wp-json\/wp\/v2\/comments?post=192393"}],"version-history":[{"count":1,"href":"https:\/\/mspontocom.com.br\/site\/wp-json\/wp\/v2\/posts\/192393\/revisions"}],"predecessor-version":[{"id":192395,"href":"https:\/\/mspontocom.com.br\/site\/wp-json\/wp\/v2\/posts\/192393\/revisions\/192395"}],"wp:featuredmedia":[{"embeddable":true,"href":"https:\/\/mspontocom.com.br\/site\/wp-json\/wp\/v2\/media\/192394"}],"wp:attachment":[{"href":"https:\/\/mspontocom.com.br\/site\/wp-json\/wp\/v2\/media?parent=192393"}],"wp:term":[{"taxonomy":"category","embeddable":true,"href":"https:\/\/mspontocom.com.br\/site\/wp-json\/wp\/v2\/categories?post=192393"},{"taxonomy":"post_tag","embeddable":true,"href":"https:\/\/mspontocom.com.br\/site\/wp-json\/wp\/v2\/tags?post=192393"}],"curies":[{"name":"wp","href":"https:\/\/api.w.org\/{rel}","templated":true}]}}