{"id":192396,"date":"2024-07-20T07:30:45","date_gmt":"2024-07-20T11:30:45","guid":{"rendered":"https:\/\/mspontocom.com.br\/site\/?p=192396"},"modified":"2024-07-20T07:30:45","modified_gmt":"2024-07-20T11:30:45","slug":"flavio-diz-que-vai-resgatar-o-brasil-das-maos-da-extrema-esquerda","status":"publish","type":"post","link":"https:\/\/mspontocom.com.br\/site\/flavio-diz-que-vai-resgatar-o-brasil-das-maos-da-extrema-esquerda\/","title":{"rendered":"Fl\u00e1vio diz que vai \u201cresgatar o Brasil das m\u00e3os da extrema-esquerda\u201d"},"content":{"rendered":"<p style=\"text-align: justify;\"><img loading=\"lazy\" class=\"alignnone size-full wp-image-192397\" src=\"https:\/\/mspontocom.com.br\/site\/wp-content\/uploads\/2024\/07\/site-flavio-bolsonar.webp\" alt=\"\" width=\"848\" height=\"477\" srcset=\"https:\/\/mspontocom.com.br\/site\/wp-content\/uploads\/2024\/07\/site-flavio-bolsonar.webp 848w, https:\/\/mspontocom.com.br\/site\/wp-content\/uploads\/2024\/07\/site-flavio-bolsonar-260x146.webp 260w, https:\/\/mspontocom.com.br\/site\/wp-content\/uploads\/2024\/07\/site-flavio-bolsonar-768x432.webp 768w\" sizes=\"(max-width: 848px) 100vw, 848px\" \/>O senador Fl\u00e1vio Bolsonaro (PL-RJ) publicou um v\u00eddeo do ato em seu perfil do Instagram\u00a0 dizendo que vai resgatar o Brasil das m\u00e3os da extrema-esquerda.<\/p>\n<p style=\"text-align: justify;\">Senador fala que o amor do povo por Bolsonaro o move, ele participa de ato pr\u00e9-campanha do deputado Alexandre Ramagem (PL-RJ) no Rio.<\/p>\n<p>Em v\u00eddeo, o congressista autografou camisetas do Brasil e tirou fotos com apoiadores.<\/p>\n<p>Fl\u00e1vio Bolsonaro, declarou que o \u201cresgate\u201d do Brasil em 2026 come\u00e7a em 2024.<\/p>\n<p style=\"text-align: justify;\">Ele compartilhou um v\u00eddeo ao lado do ex-presidente que afirmou que o Rio de Janeiro mora em seus cora\u00e7\u00f5es.<\/p>\n<p style=\"text-align: justify;\">As viagens fazem parte das a\u00e7\u00f5es do PL para impulsionar candidaturas \u00e0s prefeituras.<\/p>\n<p>fonte: Di\u00e1rio do Poder<\/p>\n<p>Veja mais not\u00edcias em: <a href=\"http:\/\/www.mspontocom.com.br\">www.mspontocom.com.br<\/a><\/p>\n<p>Nosso X (Twitter) @mspontocom<\/p>\n","protected":false},"excerpt":{"rendered":"<p>O senador Fl\u00e1vio Bolsonaro (PL-RJ) publicou um v\u00eddeo do ato em seu perfil do Instagram\u00a0 dizendo que vai resgatar o Brasil das m\u00e3os da extrema-esquerda. Senador fala que o amor do povo por Bolsonaro o move, ele participa de ato pr\u00e9-campanha do deputado Alexandre Ramagem (PL-RJ) no Rio. Em v\u00eddeo, o congressista autografou camisetas do [&hellip;]<\/p>\n","protected":false},"author":2,"featured_media":192397,"comment_status":"open","ping_status":"open","sticky":false,"template":"","format":"standard","meta":{"_monsterinsights_skip_tracking":false,"_monsterinsights_sitenote_active":false,"_monsterinsights_sitenote_note":"","_monsterinsights_sitenote_category":0},"categories":[6,30260,30259,12],"tags":[30254,39489,652,25920,41590],"aioseo_notices":[],"_links":{"self":[{"href":"https:\/\/mspontocom.com.br\/site\/wp-json\/wp\/v2\/posts\/192396"}],"collection":[{"href":"https:\/\/mspontocom.com.br\/site\/wp-json\/wp\/v2\/posts"}],"about":[{"href":"https:\/\/mspontocom.com.br\/site\/wp-json\/wp\/v2\/types\/post"}],"author":[{"embeddable":true,"href":"https:\/\/mspontocom.com.br\/site\/wp-json\/wp\/v2\/users\/2"}],"replies":[{"embeddable":true,"href":"https:\/\/mspontocom.com.br\/site\/wp-json\/wp\/v2\/comments?post=192396"}],"version-history":[{"count":1,"href":"https:\/\/mspontocom.com.br\/site\/wp-json\/wp\/v2\/posts\/192396\/revisions"}],"predecessor-version":[{"id":192398,"href":"https:\/\/mspontocom.com.br\/site\/wp-json\/wp\/v2\/posts\/192396\/revisions\/192398"}],"wp:featuredmedia":[{"embeddable":true,"href":"https:\/\/mspontocom.com.br\/site\/wp-json\/wp\/v2\/media\/192397"}],"wp:attachment":[{"href":"https:\/\/mspontocom.com.br\/site\/wp-json\/wp\/v2\/media?parent=192396"}],"wp:term":[{"taxonomy":"category","embeddable":true,"href":"https:\/\/mspontocom.com.br\/site\/wp-json\/wp\/v2\/categories?post=192396"},{"taxonomy":"post_tag","embeddable":true,"href":"https:\/\/mspontocom.com.br\/site\/wp-json\/wp\/v2\/tags?post=192396"}],"curies":[{"name":"wp","href":"https:\/\/api.w.org\/{rel}","templated":true}]}}