{"id":192412,"date":"2024-07-22T06:51:18","date_gmt":"2024-07-22T10:51:18","guid":{"rendered":"https:\/\/mspontocom.com.br\/site\/?p=192412"},"modified":"2024-07-22T06:51:18","modified_gmt":"2024-07-22T10:51:18","slug":"zema-afirma-que-principal-nome-da-direita-para-2026-e-tarcisio-de-freitas","status":"publish","type":"post","link":"https:\/\/mspontocom.com.br\/site\/zema-afirma-que-principal-nome-da-direita-para-2026-e-tarcisio-de-freitas\/","title":{"rendered":"Zema afirma que principal nome da direita para 2026 \u00e9 Tarc\u00edsio de Freitas"},"content":{"rendered":"<p style=\"text-align: justify;\"><img loading=\"lazy\" class=\"alignnone size-full wp-image-192422\" src=\"https:\/\/mspontocom.com.br\/site\/wp-content\/uploads\/2024\/07\/site-zema-afirma-que-principal-nome-da-direita-para-2026-e-tarcisio-de-freitas-zema-tarcisio.webp\" alt=\"\" width=\"888\" height=\"557\" srcset=\"https:\/\/mspontocom.com.br\/site\/wp-content\/uploads\/2024\/07\/site-zema-afirma-que-principal-nome-da-direita-para-2026-e-tarcisio-de-freitas-zema-tarcisio.webp 888w, https:\/\/mspontocom.com.br\/site\/wp-content\/uploads\/2024\/07\/site-zema-afirma-que-principal-nome-da-direita-para-2026-e-tarcisio-de-freitas-zema-tarcisio-260x163.webp 260w, https:\/\/mspontocom.com.br\/site\/wp-content\/uploads\/2024\/07\/site-zema-afirma-que-principal-nome-da-direita-para-2026-e-tarcisio-de-freitas-zema-tarcisio-768x482.webp 768w\" sizes=\"(max-width: 888px) 100vw, 888px\" \/>O governador de Minas Gerais, Romeu Zema reafirmou sua posi\u00e7\u00e3o na disputa presidencial de 2026, destacando Tarc\u00edsio de Freitas, como o nome mais forte da direita.<\/p>\n<p style=\"text-align: justify;\">Nos bastidores, governadores de oposi\u00e7\u00e3o discutem frequentemente o melhor candidato para enfrentar a candidatura petista.<\/p>\n<p style=\"text-align: justify;\">Zema se coloca como poss\u00edvel candidato a vice-presidente, mas enfrenta resist\u00eancias.<\/p>\n<p style=\"text-align: justify;\">O grupo de Bolsonaro ainda espera reverter a inelegibilidade do ex-presidente decretada pelo TSE.<\/p>\n<p style=\"text-align: justify;\">Caso isso n\u00e3o ocorra, Tarc\u00edsio de Freitas \u00e9 considerado a op\u00e7\u00e3o natural para substituir Bolsonaro.<\/p>\n<p style=\"text-align: justify;\">Veja mais not\u00edcias em: <a href=\"http:\/\/www.mspontocom.com.br\">www.mspontocom.com.br<\/a><\/p>\n<p style=\"text-align: justify;\">Nosso X (Twitter) @mspontocom<\/p>\n","protected":false},"excerpt":{"rendered":"<p>O governador de Minas Gerais, Romeu Zema reafirmou sua posi\u00e7\u00e3o na disputa presidencial de 2026, destacando Tarc\u00edsio de Freitas, como o nome mais forte da direita. Nos bastidores, governadores de oposi\u00e7\u00e3o discutem frequentemente o melhor candidato para enfrentar a candidatura petista. Zema se coloca como poss\u00edvel candidato a vice-presidente, mas enfrenta resist\u00eancias. O grupo de [&hellip;]<\/p>\n","protected":false},"author":2,"featured_media":192422,"comment_status":"open","ping_status":"open","sticky":false,"template":"","format":"standard","meta":{"_monsterinsights_skip_tracking":false,"_monsterinsights_sitenote_active":false,"_monsterinsights_sitenote_note":"","_monsterinsights_sitenote_category":0},"categories":[6,30260,30259,12],"tags":[34531,32323,41597,38616,35003],"aioseo_notices":[],"_links":{"self":[{"href":"https:\/\/mspontocom.com.br\/site\/wp-json\/wp\/v2\/posts\/192412"}],"collection":[{"href":"https:\/\/mspontocom.com.br\/site\/wp-json\/wp\/v2\/posts"}],"about":[{"href":"https:\/\/mspontocom.com.br\/site\/wp-json\/wp\/v2\/types\/post"}],"author":[{"embeddable":true,"href":"https:\/\/mspontocom.com.br\/site\/wp-json\/wp\/v2\/users\/2"}],"replies":[{"embeddable":true,"href":"https:\/\/mspontocom.com.br\/site\/wp-json\/wp\/v2\/comments?post=192412"}],"version-history":[{"count":2,"href":"https:\/\/mspontocom.com.br\/site\/wp-json\/wp\/v2\/posts\/192412\/revisions"}],"predecessor-version":[{"id":192423,"href":"https:\/\/mspontocom.com.br\/site\/wp-json\/wp\/v2\/posts\/192412\/revisions\/192423"}],"wp:featuredmedia":[{"embeddable":true,"href":"https:\/\/mspontocom.com.br\/site\/wp-json\/wp\/v2\/media\/192422"}],"wp:attachment":[{"href":"https:\/\/mspontocom.com.br\/site\/wp-json\/wp\/v2\/media?parent=192412"}],"wp:term":[{"taxonomy":"category","embeddable":true,"href":"https:\/\/mspontocom.com.br\/site\/wp-json\/wp\/v2\/categories?post=192412"},{"taxonomy":"post_tag","embeddable":true,"href":"https:\/\/mspontocom.com.br\/site\/wp-json\/wp\/v2\/tags?post=192412"}],"curies":[{"name":"wp","href":"https:\/\/api.w.org\/{rel}","templated":true}]}}