{"id":192414,"date":"2024-07-22T06:00:47","date_gmt":"2024-07-22T10:00:47","guid":{"rendered":"https:\/\/mspontocom.com.br\/site\/?p=192414"},"modified":"2024-07-22T06:00:47","modified_gmt":"2024-07-22T10:00:47","slug":"gasto-primario-do-governo-bate-recorde-ao-atingir-r-4-trilhoes","status":"publish","type":"post","link":"https:\/\/mspontocom.com.br\/site\/gasto-primario-do-governo-bate-recorde-ao-atingir-r-4-trilhoes\/","title":{"rendered":"Gasto prim\u00e1rio do Governo bate recorde ao atingir R$ 4 trilh\u00f5es"},"content":{"rendered":"<p style=\"text-align: justify;\"><img loading=\"lazy\" class=\"alignnone size-full wp-image-192416\" src=\"https:\/\/mspontocom.com.br\/site\/wp-content\/uploads\/2024\/07\/site-gasto-primario-do-governo-bate-recorde-ao-atingir-r-4-trilhoes-imagem-lula-e1721642178287.jpg\" alt=\"\" width=\"855\" height=\"530\" srcset=\"https:\/\/mspontocom.com.br\/site\/wp-content\/uploads\/2024\/07\/site-gasto-primario-do-governo-bate-recorde-ao-atingir-r-4-trilhoes-imagem-lula-e1721642178287.jpg 855w, https:\/\/mspontocom.com.br\/site\/wp-content\/uploads\/2024\/07\/site-gasto-primario-do-governo-bate-recorde-ao-atingir-r-4-trilhoes-imagem-lula-e1721642178287-260x161.jpg 260w, https:\/\/mspontocom.com.br\/site\/wp-content\/uploads\/2024\/07\/site-gasto-primario-do-governo-bate-recorde-ao-atingir-r-4-trilhoes-imagem-lula-e1721642178287-768x476.jpg 768w\" sizes=\"(max-width: 855px) 100vw, 855px\" \/>A condi\u00e7\u00e3o das Contas P\u00fablicas n\u00e3o \u00e9 favor\u00e1vel.<\/p>\n<p style=\"text-align: justify;\">Uma pesquisa exclusiva realizada pelo escrit\u00f3rio Pinotti e Schwartsman Associados revela que o gasto prim\u00e1rio do Governo Geral (Uni\u00e3o, estados e munic\u00edpios) alcan\u00e7ou um pico in\u00e9dito, chegando a 4 trilh\u00f5es de reais \u2013 o que equivale a aproximadamente 40% do PIB \u2013 at\u00e9 mar\u00e7o deste ano.<\/p>\n<p style=\"text-align: justify;\">\u00a0Como porcentagem do PIB, os gastos s\u00f3 perdem para o ano da pandemia.<\/p>\n<p style=\"text-align: justify;\"><em>\u201cA estabiliza\u00e7\u00e3o observada p\u00f3s-teto de gastos se perdeu\u201d, diz o economista Alexandre Schwartsman. \u201cO aumento de gastos mostra o aprofundamento da tend\u00eancia, seja medido por porcentagem do PIB ou bilh\u00f5es de reais\u201d.<\/em><\/p>\n<p style=\"text-align: justify;\">Veja mais not\u00edcias em: <a href=\"http:\/\/www.mspontocom.com.br\">www.mspontocom.com.br<\/a><\/p>\n<p style=\"text-align: justify;\">Nosso X (Twitter) @mspontocom<\/p>\n","protected":false},"excerpt":{"rendered":"<p>A condi\u00e7\u00e3o das Contas P\u00fablicas n\u00e3o \u00e9 favor\u00e1vel. Uma pesquisa exclusiva realizada pelo escrit\u00f3rio Pinotti e Schwartsman Associados revela que o gasto prim\u00e1rio do Governo Geral (Uni\u00e3o, estados e munic\u00edpios) alcan\u00e7ou um pico in\u00e9dito, chegando a 4 trilh\u00f5es de reais \u2013 o que equivale a aproximadamente 40% do PIB \u2013 at\u00e9 mar\u00e7o deste ano. \u00a0Como [&hellip;]<\/p>\n","protected":false},"author":2,"featured_media":192416,"comment_status":"open","ping_status":"open","sticky":false,"template":"","format":"standard","meta":{"_monsterinsights_skip_tracking":false,"_monsterinsights_sitenote_active":false,"_monsterinsights_sitenote_note":"","_monsterinsights_sitenote_category":0},"categories":[6,30260,15,30259,12],"tags":[32970,41594,78,41595],"aioseo_notices":[],"_links":{"self":[{"href":"https:\/\/mspontocom.com.br\/site\/wp-json\/wp\/v2\/posts\/192414"}],"collection":[{"href":"https:\/\/mspontocom.com.br\/site\/wp-json\/wp\/v2\/posts"}],"about":[{"href":"https:\/\/mspontocom.com.br\/site\/wp-json\/wp\/v2\/types\/post"}],"author":[{"embeddable":true,"href":"https:\/\/mspontocom.com.br\/site\/wp-json\/wp\/v2\/users\/2"}],"replies":[{"embeddable":true,"href":"https:\/\/mspontocom.com.br\/site\/wp-json\/wp\/v2\/comments?post=192414"}],"version-history":[{"count":2,"href":"https:\/\/mspontocom.com.br\/site\/wp-json\/wp\/v2\/posts\/192414\/revisions"}],"predecessor-version":[{"id":192417,"href":"https:\/\/mspontocom.com.br\/site\/wp-json\/wp\/v2\/posts\/192414\/revisions\/192417"}],"wp:featuredmedia":[{"embeddable":true,"href":"https:\/\/mspontocom.com.br\/site\/wp-json\/wp\/v2\/media\/192416"}],"wp:attachment":[{"href":"https:\/\/mspontocom.com.br\/site\/wp-json\/wp\/v2\/media?parent=192414"}],"wp:term":[{"taxonomy":"category","embeddable":true,"href":"https:\/\/mspontocom.com.br\/site\/wp-json\/wp\/v2\/categories?post=192414"},{"taxonomy":"post_tag","embeddable":true,"href":"https:\/\/mspontocom.com.br\/site\/wp-json\/wp\/v2\/tags?post=192414"}],"curies":[{"name":"wp","href":"https:\/\/api.w.org\/{rel}","templated":true}]}}