{"id":192438,"date":"2024-07-22T04:20:13","date_gmt":"2024-07-22T08:20:13","guid":{"rendered":"https:\/\/mspontocom.com.br\/site\/?p=192438"},"modified":"2024-07-22T08:24:38","modified_gmt":"2024-07-22T12:24:38","slug":"aguas-guariroba-apresenta-acoes-voltadas-ao-meio-ambiente-e-a-sociedade-em-forum-de-economia-inteligente","status":"publish","type":"post","link":"https:\/\/mspontocom.com.br\/site\/aguas-guariroba-apresenta-acoes-voltadas-ao-meio-ambiente-e-a-sociedade-em-forum-de-economia-inteligente\/","title":{"rendered":"\u00c1guas Guariroba apresenta a\u00e7\u00f5es voltadas ao meio ambiente e \u00e0 sociedade em F\u00f3rum de Economia Inteligente"},"content":{"rendered":"<div style=\"text-align: justify;\"><img loading=\"lazy\" class=\"alignnone size-full wp-image-192439\" src=\"https:\/\/mspontocom.com.br\/site\/wp-content\/uploads\/2024\/07\/site-aguas-guariroba-1-1.jpg\" alt=\"\" width=\"660\" height=\"440\" srcset=\"https:\/\/mspontocom.com.br\/site\/wp-content\/uploads\/2024\/07\/site-aguas-guariroba-1-1.jpg 660w, https:\/\/mspontocom.com.br\/site\/wp-content\/uploads\/2024\/07\/site-aguas-guariroba-1-1-260x173.jpg 260w\" sizes=\"(max-width: 660px) 100vw, 660px\" \/>Durante o F\u00f3rum MS Economia Inteligente no Centro de Conven\u00e7\u00f5es Rubens Gil de Camillo, o gerente de Meio Ambiente e Qualidade da \u00c1guas Guariroba, Fernando Garayo, palestrou sobre \u201cSaneamento Inteligente: Do ESG \u00e0 pr\u00e1tica\u201d.<\/div>\n<div style=\"text-align: justify;\"><\/div>\n<div style=\"text-align: justify;\">O F\u00f3rum tem como objetivo mostrar os principais impactos ambientais, sociais, econ\u00f4micos para Mato Grosso do Sul nos pr\u00f3ximos anos. A participa\u00e7\u00e3o da \u00c1guas Guariroba foi no sentido de demonstrar como as a\u00e7\u00f5es ESG est\u00e3o ligadas ao seu direcionamento estrat\u00e9gico.<\/div>\n<div style=\"text-align: justify;\"><\/div>\n<div style=\"text-align: justify;\">ESG \u00e9 a sigla em ingl\u00eas para \u201cambiental, social e governan\u00e7a\u201d, um conjunto de princ\u00edpios que mede o impacto que as a\u00e7\u00f5es de sustentabilidade geram nos resultados das empresas.<\/div>\n<div style=\"text-align: justify;\"><\/div>\n<div style=\"text-align: justify;\">\u201cA \u00c1guas Guariroba vem atuando muito forte no trip\u00e9 ambiental do ESG, uma prova disso \u00e9 a expans\u00e3o que est\u00e1 ocorrendo das redes de esgoto na cidade. Do ano passado at\u00e9 o momento n\u00f3s tivemos 400 quil\u00f4metros de rede constru\u00edda em toda a cidade, isso leva mais sa\u00fade e qualidade de vida para a popula\u00e7\u00e3o e acaba despoluindo os nossos c\u00f3rregos\u201d, explicou o gerente.<\/div>\n<div style=\"text-align: justify;\"><\/div>\n<div style=\"text-align: justify;\">Outra a\u00e7\u00e3o mencionada foi a inciativa da AEGEA, holding da \u00c1guas Guariroba, em rela\u00e7\u00e3o a metas financeiras vinculadas a diversidade. O objetivo \u00e9 que at\u00e9 2033 a AEGEA tenha 45% de mulheres em posi\u00e7\u00e3o de lideran\u00e7a e 25% de lideran\u00e7as negras. A \u00c1guas Guariroba j\u00e1 possui autoridade nessa quest\u00e3o, uma vez que 40% de toda a lideran\u00e7a j\u00e1 \u00e9 de mulheres e 59% da lideran\u00e7a \u00e9 de pessoas negras.<\/div>\n<div style=\"text-align: justify;\"><\/div>\n<div style=\"text-align: justify;\">Por fim Fernando Garayo comentou sobre a forma que empresas trabalham os seus programas de ESG e os seus segmentos de opera\u00e7\u00e3o.<\/div>\n<div style=\"text-align: justify;\"><\/div>\n<div style=\"text-align: justify;\">\u201cN\u00e3o \u00e9 incomum ver v\u00e1rias empresas com a\u00e7\u00f5es na \u00e1rea ambiental, social e de governan\u00e7a, mas que n\u00e3o necessariamente est\u00e3o ligadas \u00e0 sua \u00e1rea de atua\u00e7\u00e3o e aos seus objetivos estrat\u00e9gicos. Ent\u00e3o nosso objetivo \u00e9 mostrar como a \u00c1guas Guariroba conseguiu, ao longo dos anos, direcionar seus esfor\u00e7os ESG, mas mantendo um v\u00ednculo com sua identidade que \u00e9 levar \u00e1gua de qualidade e coletar e tratar esgoto para a popula\u00e7\u00e3o\u201d, conclui.<\/div>\n<div>\n<p>Veja mais not\u00edcias em: <a href=\"http:\/\/www.mspontocom.com.br\">www.mspontocom.com.br<\/a><\/p>\n<p>Nosso X (Twitter) @mspontocom<\/p>\n<\/div>\n","protected":false},"excerpt":{"rendered":"<p>Durante o F\u00f3rum MS Economia Inteligente no Centro de Conven\u00e7\u00f5es Rubens Gil de Camillo, o gerente de Meio Ambiente e Qualidade da \u00c1guas Guariroba, Fernando Garayo, palestrou sobre \u201cSaneamento Inteligente: Do ESG \u00e0 pr\u00e1tica\u201d. O F\u00f3rum tem como objetivo mostrar os principais impactos ambientais, sociais, econ\u00f4micos para Mato Grosso do Sul nos pr\u00f3ximos anos. A [&hellip;]<\/p>\n","protected":false},"author":2,"featured_media":192439,"comment_status":"open","ping_status":"open","sticky":false,"template":"","format":"standard","meta":{"_monsterinsights_skip_tracking":false,"_monsterinsights_sitenote_active":false,"_monsterinsights_sitenote_note":"","_monsterinsights_sitenote_category":0},"categories":[4328],"tags":[5131,41601,1399,247],"aioseo_notices":[],"_links":{"self":[{"href":"https:\/\/mspontocom.com.br\/site\/wp-json\/wp\/v2\/posts\/192438"}],"collection":[{"href":"https:\/\/mspontocom.com.br\/site\/wp-json\/wp\/v2\/posts"}],"about":[{"href":"https:\/\/mspontocom.com.br\/site\/wp-json\/wp\/v2\/types\/post"}],"author":[{"embeddable":true,"href":"https:\/\/mspontocom.com.br\/site\/wp-json\/wp\/v2\/users\/2"}],"replies":[{"embeddable":true,"href":"https:\/\/mspontocom.com.br\/site\/wp-json\/wp\/v2\/comments?post=192438"}],"version-history":[{"count":1,"href":"https:\/\/mspontocom.com.br\/site\/wp-json\/wp\/v2\/posts\/192438\/revisions"}],"predecessor-version":[{"id":192440,"href":"https:\/\/mspontocom.com.br\/site\/wp-json\/wp\/v2\/posts\/192438\/revisions\/192440"}],"wp:featuredmedia":[{"embeddable":true,"href":"https:\/\/mspontocom.com.br\/site\/wp-json\/wp\/v2\/media\/192439"}],"wp:attachment":[{"href":"https:\/\/mspontocom.com.br\/site\/wp-json\/wp\/v2\/media?parent=192438"}],"wp:term":[{"taxonomy":"category","embeddable":true,"href":"https:\/\/mspontocom.com.br\/site\/wp-json\/wp\/v2\/categories?post=192438"},{"taxonomy":"post_tag","embeddable":true,"href":"https:\/\/mspontocom.com.br\/site\/wp-json\/wp\/v2\/tags?post=192438"}],"curies":[{"name":"wp","href":"https:\/\/api.w.org\/{rel}","templated":true}]}}