{"id":192443,"date":"2024-07-23T06:29:30","date_gmt":"2024-07-23T10:29:30","guid":{"rendered":"https:\/\/mspontocom.com.br\/site\/?p=192443"},"modified":"2024-07-23T06:29:30","modified_gmt":"2024-07-23T10:29:30","slug":"ciro-apoia-bolsonarista-e-diz-que-ceara-vive-sob-ditadura-do-pt","status":"publish","type":"post","link":"https:\/\/mspontocom.com.br\/site\/ciro-apoia-bolsonarista-e-diz-que-ceara-vive-sob-ditadura-do-pt\/","title":{"rendered":"Ciro apoia bolsonarista e diz que Cear\u00e1 vive sob \u2018ditadura\u2019 do PT"},"content":{"rendered":"<p style=\"text-align: justify;\"><img loading=\"lazy\" class=\"alignnone size-full wp-image-192451\" src=\"https:\/\/mspontocom.com.br\/site\/wp-content\/uploads\/2024\/07\/site-ciro-se-encontra-com-bolsonaristas-e-diz-que-ceara-vive-sob-ditadura-do-pt-ciro1.jpg\" alt=\"\" width=\"615\" height=\"300\" srcset=\"https:\/\/mspontocom.com.br\/site\/wp-content\/uploads\/2024\/07\/site-ciro-se-encontra-com-bolsonaristas-e-diz-que-ceara-vive-sob-ditadura-do-pt-ciro1.jpg 615w, https:\/\/mspontocom.com.br\/site\/wp-content\/uploads\/2024\/07\/site-ciro-se-encontra-com-bolsonaristas-e-diz-que-ceara-vive-sob-ditadura-do-pt-ciro1-260x127.jpg 260w\" sizes=\"(max-width: 615px) 100vw, 615px\" \/>O ex-governador do Cear\u00e1 Ciro Gomes\u00a0(PDT) afirmou que o Estado est\u00e1 vivendo sob uma \u201cditadura\u201d do PT, que comanda o Executivo cearense desde 2015.<\/p>\n<p style=\"text-align: justify;\"><strong>A declara\u00e7\u00e3o ocorreu\u00a0 ap\u00f3s o ex-ministro participar de uma conven\u00e7\u00e3o que lan\u00e7ou a candidatura de candidato bolsonarista, apoiado pelo PDT, no munic\u00edpio do Crato.<\/strong><\/p>\n<p style=\"text-align: justify;\"><em>\u201cO Cear\u00e1 est\u00e1 sendo destru\u00eddo pela incompet\u00eancia, pela corrup\u00e7\u00e3o, pelo mandonismo. H\u00e1 uma ditadura tentando ser constru\u00edda, tirando os direitos das pessoas de escolher suas candidaturas. Tudo armado para que o novo ditador do Cear\u00e1 n\u00e3o tenha sequer contrastes, e tenho certeza que o Cariri vai se levantar\u201d<\/em>, afirmou Ciro<\/p>\n<p style=\"text-align: justify;\">fonte: Gabriel de Souza, O Estad\u00e3o<\/p>\n<p style=\"text-align: justify;\">Veja mais not\u00edcias em: <a href=\"http:\/\/www.mspontocom.com.br\">www.mspontocom.com.br<\/a><\/p>\n<p style=\"text-align: justify;\">Nosso X (Twitter) @mspontocom<\/p>\n","protected":false},"excerpt":{"rendered":"<p>O ex-governador do Cear\u00e1 Ciro Gomes\u00a0(PDT) afirmou que o Estado est\u00e1 vivendo sob uma \u201cditadura\u201d do PT, que comanda o Executivo cearense desde 2015. A declara\u00e7\u00e3o ocorreu\u00a0 ap\u00f3s o ex-ministro participar de uma conven\u00e7\u00e3o que lan\u00e7ou a candidatura de candidato bolsonarista, apoiado pelo PDT, no munic\u00edpio do Crato. \u201cO Cear\u00e1 est\u00e1 sendo destru\u00eddo pela incompet\u00eancia, [&hellip;]<\/p>\n","protected":false},"author":2,"featured_media":192451,"comment_status":"open","ping_status":"open","sticky":false,"template":"","format":"standard","meta":{"_monsterinsights_skip_tracking":false,"_monsterinsights_sitenote_active":false,"_monsterinsights_sitenote_note":"","_monsterinsights_sitenote_category":0},"categories":[6,30260,30259,12],"tags":[25221,34936,1448,33128,424,533],"aioseo_notices":[],"_links":{"self":[{"href":"https:\/\/mspontocom.com.br\/site\/wp-json\/wp\/v2\/posts\/192443"}],"collection":[{"href":"https:\/\/mspontocom.com.br\/site\/wp-json\/wp\/v2\/posts"}],"about":[{"href":"https:\/\/mspontocom.com.br\/site\/wp-json\/wp\/v2\/types\/post"}],"author":[{"embeddable":true,"href":"https:\/\/mspontocom.com.br\/site\/wp-json\/wp\/v2\/users\/2"}],"replies":[{"embeddable":true,"href":"https:\/\/mspontocom.com.br\/site\/wp-json\/wp\/v2\/comments?post=192443"}],"version-history":[{"count":2,"href":"https:\/\/mspontocom.com.br\/site\/wp-json\/wp\/v2\/posts\/192443\/revisions"}],"predecessor-version":[{"id":192452,"href":"https:\/\/mspontocom.com.br\/site\/wp-json\/wp\/v2\/posts\/192443\/revisions\/192452"}],"wp:featuredmedia":[{"embeddable":true,"href":"https:\/\/mspontocom.com.br\/site\/wp-json\/wp\/v2\/media\/192451"}],"wp:attachment":[{"href":"https:\/\/mspontocom.com.br\/site\/wp-json\/wp\/v2\/media?parent=192443"}],"wp:term":[{"taxonomy":"category","embeddable":true,"href":"https:\/\/mspontocom.com.br\/site\/wp-json\/wp\/v2\/categories?post=192443"},{"taxonomy":"post_tag","embeddable":true,"href":"https:\/\/mspontocom.com.br\/site\/wp-json\/wp\/v2\/tags?post=192443"}],"curies":[{"name":"wp","href":"https:\/\/api.w.org\/{rel}","templated":true}]}}