{"id":192534,"date":"2024-07-25T04:00:12","date_gmt":"2024-07-25T08:00:12","guid":{"rendered":"https:\/\/mspontocom.com.br\/site\/?p=192534"},"modified":"2024-07-25T07:28:08","modified_gmt":"2024-07-25T11:28:08","slug":"atacadista-tem-mais-de-100-vagas-abertas-em-campo-grande","status":"publish","type":"post","link":"https:\/\/mspontocom.com.br\/site\/atacadista-tem-mais-de-100-vagas-abertas-em-campo-grande\/","title":{"rendered":"Atacadista tem mais de 100 vagas abertas em Campo Grande"},"content":{"rendered":"<p style=\"font-weight: 400; text-align: justify;\"><img loading=\"lazy\" class=\"alignnone size-full wp-image-192535\" src=\"https:\/\/mspontocom.com.br\/site\/wp-content\/uploads\/2024\/07\/site-atacadista-tem-mais-de-100-vagas-abertas-em-campo-grande-carteira-de-trabalho-foto-bruno-rezende-03-730x480-1.jpg\" alt=\"\" width=\"730\" height=\"480\" srcset=\"https:\/\/mspontocom.com.br\/site\/wp-content\/uploads\/2024\/07\/site-atacadista-tem-mais-de-100-vagas-abertas-em-campo-grande-carteira-de-trabalho-foto-bruno-rezende-03-730x480-1.jpg 730w, https:\/\/mspontocom.com.br\/site\/wp-content\/uploads\/2024\/07\/site-atacadista-tem-mais-de-100-vagas-abertas-em-campo-grande-carteira-de-trabalho-foto-bruno-rezende-03-730x480-1-260x171.jpg 260w\" sizes=\"(max-width: 730px) 100vw, 730px\" \/>O Assa\u00ed Atacadista, um dos maiores empregadores privados do pa\u00eds, leva mais de 100 vagas de trabalho para o Feir\u00e3o de Empregos, que ser\u00e1 realizado nesta quinta-feira (25\/07),\u00a0em Campo Grande. Idealizado em parceria com a Funsat (Funda\u00e7\u00e3o Social do Trabalho de Campo Grande), a a\u00e7\u00e3o\u00a0acontece das\u00a08h \u00e0s 12h e 14h \u00e0s 17h, na Pra\u00e7a Ary Coelho, situada na Rua 14 de Julho \u2013 Centro.<\/p>\n<p style=\"font-weight: 400; text-align: justify;\">\n<p style=\"font-weight: 400; text-align: justify;\">As oportunidades s\u00e3o para atua\u00e7\u00e3o em suas\u00a0cinco lojas do atacadista na Capital e todas as posi\u00e7\u00f5es de trabalho s\u00e3o eleg\u00edveis a pessoas com defici\u00eancia e abrangem diferentes \u00e1reas operacionais.\u00a0Entre as principais oportunidades oferecidas, est\u00e3o vagas para o cargo de Operador(a) de loja e Operador(a) de caixa.<\/p>\n<p style=\"font-weight: 400; text-align: justify;\">\n<p style=\"font-weight: 400; text-align: justify;\">Os(as) interessados(as) j\u00e1 podem ter acesso \u00e0s oportunidades de forma antecipada e as inscri\u00e7\u00f5es devem ser realizadas diretamente no banco de talentos da regi\u00e3o, pelo link:\u00a0<a href=\"https:\/\/assai.gupy.io\/jobs\/2993534\" data-saferedirecturl=\"https:\/\/www.google.com\/url?q=https:\/\/assai.gupy.io\/jobs\/2993534&amp;source=gmail&amp;ust=1721992521979000&amp;usg=AOvVaw2q5IxgCMMxyWO7ZpSCZoXs\">https:\/\/assai.gupy.io\/jobs\/2993534<\/a>.<strong><em>\u00a0<\/em>Para o cadastro \u00e9 necess\u00e1rio ter em m\u00e3os CPF, n\u00famero de telefone e contar com um endere\u00e7o de e-mail atualizado.\u00a0<\/strong><\/p>\n<p style=\"font-weight: 400; text-align: justify;\"><strong>\u00a0<\/strong><\/p>\n<p style=\"font-weight: 400; text-align: justify;\">Quem preferir comparecer no Feir\u00e3o de Empregos contar\u00e1 com o apoio da equipe de Recursos Humanos para preenchimento online do formul\u00e1rio, bem como, passar\u00e1 por uma breve entrevista no local.<\/p>\n<p style=\"font-weight: 400; text-align: justify;\">\n<p style=\"font-weight: 400; text-align: justify;\"><strong>Os(as) candidatos(as) devem ter mais de 18 anos, Ensino M\u00e9dio Completo e disponibilidade para trabalhar em escala de 6&#215;1 (seis dias trabalhados e um de folga por semana).\u00a0 \u00a0<\/strong><\/p>\n<p style=\"font-weight: 400; text-align: justify;\"><strong>\u00a0<\/strong><\/p>\n<p style=\"font-weight: 400; text-align: justify;\">A empresa oferece remunera\u00e7\u00e3o e pacote de benef\u00edcios compat\u00edveis com o mercado e possui, tamb\u00e9m, um plano estruturado de carreira, com investimentos constantes em capacita\u00e7\u00e3o e no desenvolvimento profissional de seus(suas) colaboradores(as) em todo o pa\u00eds.<\/p>\n<p style=\"font-weight: 400; text-align: justify;\"><strong>Servi\u00e7o<\/strong><\/p>\n<p style=\"font-weight: 400; text-align: justify;\"><em>Assa\u00ed Atacadista no Feir\u00e3o de Empregos<\/em><\/p>\n<p style=\"font-weight: 400; text-align: justify;\"><strong>Data<\/strong>: 25 de julho \u2013 quinta-feira<br \/>\n<strong>Hor\u00e1rio de atendimento<\/strong>: 8h \u00e0s 12h e 14h \u00e0s 17h<br \/>\n<strong>Local<\/strong>: na Pra\u00e7a Ary Coelho &#8211; Rua 14 de Julho \u2013 Centro, Campo Grande\/MS.<\/p>\n","protected":false},"excerpt":{"rendered":"<p>O Assa\u00ed Atacadista, um dos maiores empregadores privados do pa\u00eds, leva mais de 100 vagas de trabalho para o Feir\u00e3o de Empregos, que ser\u00e1 realizado nesta quinta-feira (25\/07),\u00a0em Campo Grande. Idealizado em parceria com a Funsat (Funda\u00e7\u00e3o Social do Trabalho de Campo Grande), a a\u00e7\u00e3o\u00a0acontece das\u00a08h \u00e0s 12h e 14h \u00e0s 17h, na Pra\u00e7a Ary [&hellip;]<\/p>\n","protected":false},"author":2,"featured_media":192535,"comment_status":"open","ping_status":"open","sticky":false,"template":"","format":"standard","meta":{"_monsterinsights_skip_tracking":false,"_monsterinsights_sitenote_active":false,"_monsterinsights_sitenote_note":"","_monsterinsights_sitenote_category":0},"categories":[4328,28176],"tags":[29236,123,540,347],"aioseo_notices":[],"_links":{"self":[{"href":"https:\/\/mspontocom.com.br\/site\/wp-json\/wp\/v2\/posts\/192534"}],"collection":[{"href":"https:\/\/mspontocom.com.br\/site\/wp-json\/wp\/v2\/posts"}],"about":[{"href":"https:\/\/mspontocom.com.br\/site\/wp-json\/wp\/v2\/types\/post"}],"author":[{"embeddable":true,"href":"https:\/\/mspontocom.com.br\/site\/wp-json\/wp\/v2\/users\/2"}],"replies":[{"embeddable":true,"href":"https:\/\/mspontocom.com.br\/site\/wp-json\/wp\/v2\/comments?post=192534"}],"version-history":[{"count":1,"href":"https:\/\/mspontocom.com.br\/site\/wp-json\/wp\/v2\/posts\/192534\/revisions"}],"predecessor-version":[{"id":192536,"href":"https:\/\/mspontocom.com.br\/site\/wp-json\/wp\/v2\/posts\/192534\/revisions\/192536"}],"wp:featuredmedia":[{"embeddable":true,"href":"https:\/\/mspontocom.com.br\/site\/wp-json\/wp\/v2\/media\/192535"}],"wp:attachment":[{"href":"https:\/\/mspontocom.com.br\/site\/wp-json\/wp\/v2\/media?parent=192534"}],"wp:term":[{"taxonomy":"category","embeddable":true,"href":"https:\/\/mspontocom.com.br\/site\/wp-json\/wp\/v2\/categories?post=192534"},{"taxonomy":"post_tag","embeddable":true,"href":"https:\/\/mspontocom.com.br\/site\/wp-json\/wp\/v2\/tags?post=192534"}],"curies":[{"name":"wp","href":"https:\/\/api.w.org\/{rel}","templated":true}]}}