{"id":192548,"date":"2024-07-26T06:36:59","date_gmt":"2024-07-26T10:36:59","guid":{"rendered":"https:\/\/mspontocom.com.br\/site\/?p=192548"},"modified":"2024-07-26T06:36:59","modified_gmt":"2024-07-26T10:36:59","slug":"janja-faz-viagem-a-paris-2024-mas-mantem-agenda-em-sigilo","status":"publish","type":"post","link":"https:\/\/mspontocom.com.br\/site\/janja-faz-viagem-a-paris-2024-mas-mantem-agenda-em-sigilo\/","title":{"rendered":"Janja faz viagem a Paris 2024, mas mant\u00e9m agenda em sigilo"},"content":{"rendered":"<p style=\"text-align: justify;\"><img loading=\"lazy\" class=\"alignnone size-full wp-image-192558\" src=\"https:\/\/mspontocom.com.br\/site\/wp-content\/uploads\/2024\/07\/site-janja-faz-viagem-oficial-a-paris-mas-mantem-agenda-em-sigilo-meme1-e1721990060336.jpg\" alt=\"\" width=\"839\" height=\"661\" srcset=\"https:\/\/mspontocom.com.br\/site\/wp-content\/uploads\/2024\/07\/site-janja-faz-viagem-oficial-a-paris-mas-mantem-agenda-em-sigilo-meme1-e1721990060336.jpg 839w, https:\/\/mspontocom.com.br\/site\/wp-content\/uploads\/2024\/07\/site-janja-faz-viagem-oficial-a-paris-mas-mantem-agenda-em-sigilo-meme1-e1721990060336-260x205.jpg 260w, https:\/\/mspontocom.com.br\/site\/wp-content\/uploads\/2024\/07\/site-janja-faz-viagem-oficial-a-paris-mas-mantem-agenda-em-sigilo-meme1-e1721990060336-768x605.jpg 768w\" sizes=\"(max-width: 839px) 100vw, 839px\" \/>A primeira-dama do Brasil, Ros\u00e2ngela da Silva, a Janja, viajou para a Fran\u00e7a para representar o pa\u00eds oficialmente na abertura dos Jogos Ol\u00edmpicos\u00a0 mas sua agenda na capital francesa n\u00e3o foi divulgada.<\/p>\n<p style=\"text-align: justify;\">Janja receber\u00e1 tratamento de chefe de Estado, incluindo desembarque priorit\u00e1rio e sa\u00edda por uma \u00e1rea reservada para autoridades.<\/p>\n<h2 class=\"wp-block-heading\" style=\"text-align: justify;\">Agenda de Janja em Paris n\u00e3o foi divulgada<\/h2>\n<p style=\"text-align: justify;\">Embora a viagem seja oficial, a assessoria de Janja ainda n\u00e3o divulgou sua agenda em Paris durante a abertura dos Jogos Ol\u00edmpicos.<\/p>\n<p style=\"text-align: justify;\">O local de hospedagem de Janja est\u00e1 sendo tratado como segredo de Estado, mesmo que a viagem tenha compromissos p\u00fablicos.<\/p>\n<p style=\"text-align: justify;\">Sabe-se que ela foi convidada para um jantar oferecido pelo Comit\u00ea Ol\u00edmpico Internacional (COI) e uma recep\u00e7\u00e3o do presidente franc\u00eas <strong>Emmanuel Macron<\/strong> no Pal\u00e1cio do Eliseu.<\/p>\n<p style=\"text-align: justify;\">\u00a0As informa\u00e7\u00f5es s\u00e3o do jornal <em>Folha de S.Paulo<\/em>.<\/p>\n<p style=\"text-align: justify;\">Veja mais not\u00edcias em: <a href=\"http:\/\/www.mspontocom.com.br\">www.mspontocom.com.br<\/a><\/p>\n<p>Nosso X (Twitter) @mspontocom<\/p>\n","protected":false},"excerpt":{"rendered":"<p>A primeira-dama do Brasil, Ros\u00e2ngela da Silva, a Janja, viajou para a Fran\u00e7a para representar o pa\u00eds oficialmente na abertura dos Jogos Ol\u00edmpicos\u00a0 mas sua agenda na capital francesa n\u00e3o foi divulgada. Janja receber\u00e1 tratamento de chefe de Estado, incluindo desembarque priorit\u00e1rio e sa\u00edda por uma \u00e1rea reservada para autoridades. Agenda de Janja em Paris [&hellip;]<\/p>\n","protected":false},"author":2,"featured_media":192558,"comment_status":"open","ping_status":"open","sticky":false,"template":"","format":"standard","meta":{"_monsterinsights_skip_tracking":false,"_monsterinsights_sitenote_active":false,"_monsterinsights_sitenote_note":"","_monsterinsights_sitenote_category":0},"categories":[30260,30259,12],"tags":[41627,37932,39365,2210],"aioseo_notices":[],"_links":{"self":[{"href":"https:\/\/mspontocom.com.br\/site\/wp-json\/wp\/v2\/posts\/192548"}],"collection":[{"href":"https:\/\/mspontocom.com.br\/site\/wp-json\/wp\/v2\/posts"}],"about":[{"href":"https:\/\/mspontocom.com.br\/site\/wp-json\/wp\/v2\/types\/post"}],"author":[{"embeddable":true,"href":"https:\/\/mspontocom.com.br\/site\/wp-json\/wp\/v2\/users\/2"}],"replies":[{"embeddable":true,"href":"https:\/\/mspontocom.com.br\/site\/wp-json\/wp\/v2\/comments?post=192548"}],"version-history":[{"count":2,"href":"https:\/\/mspontocom.com.br\/site\/wp-json\/wp\/v2\/posts\/192548\/revisions"}],"predecessor-version":[{"id":192559,"href":"https:\/\/mspontocom.com.br\/site\/wp-json\/wp\/v2\/posts\/192548\/revisions\/192559"}],"wp:featuredmedia":[{"embeddable":true,"href":"https:\/\/mspontocom.com.br\/site\/wp-json\/wp\/v2\/media\/192558"}],"wp:attachment":[{"href":"https:\/\/mspontocom.com.br\/site\/wp-json\/wp\/v2\/media?parent=192548"}],"wp:term":[{"taxonomy":"category","embeddable":true,"href":"https:\/\/mspontocom.com.br\/site\/wp-json\/wp\/v2\/categories?post=192548"},{"taxonomy":"post_tag","embeddable":true,"href":"https:\/\/mspontocom.com.br\/site\/wp-json\/wp\/v2\/tags?post=192548"}],"curies":[{"name":"wp","href":"https:\/\/api.w.org\/{rel}","templated":true}]}}