{"id":192599,"date":"2024-07-29T06:07:45","date_gmt":"2024-07-29T10:07:45","guid":{"rendered":"https:\/\/mspontocom.com.br\/site\/?p=192599"},"modified":"2024-07-29T06:07:45","modified_gmt":"2024-07-29T10:07:45","slug":"igreja-catolica-reage-e-se-manifesta-sobre-abertura-das-olimpiadas","status":"publish","type":"post","link":"https:\/\/mspontocom.com.br\/site\/igreja-catolica-reage-e-se-manifesta-sobre-abertura-das-olimpiadas\/","title":{"rendered":"Igreja Cat\u00f3lica reage e se manifesta sobre abertura das Olimp\u00edadas"},"content":{"rendered":"<p style=\"text-align: justify;\"><img loading=\"lazy\" class=\"alignnone size-full wp-image-192612\" src=\"https:\/\/mspontocom.com.br\/site\/wp-content\/uploads\/2024\/07\/site-igreja-catolica-reage-e-se-manifesta-sobre-abertura-das-olimpiadas-ceia-e1722247529371.jpg\" alt=\"\" width=\"1040\" height=\"684\" srcset=\"https:\/\/mspontocom.com.br\/site\/wp-content\/uploads\/2024\/07\/site-igreja-catolica-reage-e-se-manifesta-sobre-abertura-das-olimpiadas-ceia-e1722247529371.jpg 1040w, https:\/\/mspontocom.com.br\/site\/wp-content\/uploads\/2024\/07\/site-igreja-catolica-reage-e-se-manifesta-sobre-abertura-das-olimpiadas-ceia-e1722247529371-260x171.jpg 260w, https:\/\/mspontocom.com.br\/site\/wp-content\/uploads\/2024\/07\/site-igreja-catolica-reage-e-se-manifesta-sobre-abertura-das-olimpiadas-ceia-e1722247529371-1024x673.jpg 1024w, https:\/\/mspontocom.com.br\/site\/wp-content\/uploads\/2024\/07\/site-igreja-catolica-reage-e-se-manifesta-sobre-abertura-das-olimpiadas-ceia-e1722247529371-768x505.jpg 768w\" sizes=\"(max-width: 1040px) 100vw, 1040px\" \/>A Confer\u00eancia dos Bispos da Igreja Cat\u00f3lica Francesa e l\u00edderes religiosos globais protestaram contra a cerim\u00f4nia de abertura das Olimp\u00edadas de Paris 2024.<\/p>\n<p style=\"text-align: justify;\">O pronunciamento ocorreu mais de 24 horas depois da festa em Paris, que escarneceu dos crist\u00e3os.<\/p>\n<p style=\"text-align: justify;\">\u201cNossos pensamentos est\u00e3o com todos os crist\u00e3os de todos os continentes que foram feridos pela ofensa e provoca\u00e7\u00e3o de certas cenas\u201d, disseram os bispos.<\/p>\n<h2 class=\"wp-block-heading\" style=\"text-align: justify;\">A ofensa aos crist\u00e3os nas Olimp\u00edadas<\/h2>\n<p style=\"text-align: justify;\">A apresenta\u00e7\u00e3o incluiu\u00a0<em>drag queens<\/em>\u00a0como ap\u00f3stolos e um DJ no papel de Jesus, em formato semelhante a um desfile de moda.<\/p>\n<p style=\"text-align: justify;\">O diretor art\u00edstico Thomas Jolly negou a inten\u00e7\u00e3o de provocar.<\/p>\n<h2 class=\"wp-block-heading\" style=\"text-align: justify;\">A resposta da Igreja Cat\u00f3lica<\/h2>\n<p style=\"text-align: justify;\">Outros l\u00edderes religiosos tamb\u00e9m criticaram a adapta\u00e7\u00e3o. O bispo Andrew Cozzens, presidente do Comit\u00ea Episcopal dos Estados Unidos para Evangeliza\u00e7\u00e3o e Catequese, pediu aos cat\u00f3licos que respondam ao incidente de Paris com ora\u00e7\u00e3o e jejum.<\/p>\n<p style=\"text-align: justify;\">O bispo alem\u00e3o Stefan Oster chamou a cena de \u201c\u00daltima Ceia\u00a0<em>queer<\/em>\u201d de \u201cum ponto baixo e completamente sup\u00e9rfluo\u201d.<\/p>\n<p style=\"text-align: justify;\">O arcebispo Peter Comensoli de Melbourne, na Austr\u00e1lia, preferiu \u201co original\u201d, ao publicar uma fotografia da obra de Da Vinci no Twitter\/X.<\/p>\n<p style=\"text-align: justify;\">J\u00e1 o bispo Robert Barron, de Winona-Rochester, descreveu a par\u00f3dia como \u201cgrosseira\u201d, e o arcebispo de Santiago do Chile, Dom Fernando Chomali, considerou a encena\u00e7\u00e3o \u201cgrotesca\u201d.<\/p>\n<p style=\"text-align: justify;\">O cardeal dom Odilo Scherer, arcebispo de S\u00e3o Paulo,\u00a0<strong>tamb\u00e9m lamentou a cerim\u00f4nia de abertura das Olimp\u00edadas<\/strong>.<\/p>\n<p style=\"text-align: justify;\"><em>&#8220;Ser\u00e1 que o deboche a partir da \u00daltima Ceia n\u00e3o reproduz e refor\u00e7a os preconceitos que se querem combater, fazem sofrer\u2026 Levaram a viol\u00eancias?\u201d<\/em><\/p>\n<p style=\"text-align: justify;\">Veja mais not\u00edcias em: <a href=\"http:\/\/www.mspontocom.com.br\">www.mspontocom.com.br<\/a><\/p>\n<p style=\"text-align: justify;\">Nosso X (Twitter) @mspontocom<\/p>\n<figure class=\"wp-block-embed is-type-rich is-provider-twitter wp-block-embed-twitter\" style=\"text-align: justify;\"><\/figure>\n<figure class=\"wp-block-embed is-type-rich is-provider-twitter wp-block-embed-twitter\" style=\"text-align: justify;\">\n<figure class=\"wp-block-embed is-type-rich is-provider-twitter wp-block-embed-twitter\"><\/figure>\n<\/figure>\n","protected":false},"excerpt":{"rendered":"<p>A Confer\u00eancia dos Bispos da Igreja Cat\u00f3lica Francesa e l\u00edderes religiosos globais protestaram contra a cerim\u00f4nia de abertura das Olimp\u00edadas de Paris 2024. O pronunciamento ocorreu mais de 24 horas depois da festa em Paris, que escarneceu dos crist\u00e3os. \u201cNossos pensamentos est\u00e3o com todos os crist\u00e3os de todos os continentes que foram feridos pela ofensa [&hellip;]<\/p>\n","protected":false},"author":2,"featured_media":192612,"comment_status":"open","ping_status":"open","sticky":false,"template":"","format":"standard","meta":{"_monsterinsights_skip_tracking":false,"_monsterinsights_sitenote_active":false,"_monsterinsights_sitenote_note":"","_monsterinsights_sitenote_category":0},"categories":[30260,7,30259,12],"tags":[41638,4046,41637,2829,26159],"aioseo_notices":[],"_links":{"self":[{"href":"https:\/\/mspontocom.com.br\/site\/wp-json\/wp\/v2\/posts\/192599"}],"collection":[{"href":"https:\/\/mspontocom.com.br\/site\/wp-json\/wp\/v2\/posts"}],"about":[{"href":"https:\/\/mspontocom.com.br\/site\/wp-json\/wp\/v2\/types\/post"}],"author":[{"embeddable":true,"href":"https:\/\/mspontocom.com.br\/site\/wp-json\/wp\/v2\/users\/2"}],"replies":[{"embeddable":true,"href":"https:\/\/mspontocom.com.br\/site\/wp-json\/wp\/v2\/comments?post=192599"}],"version-history":[{"count":2,"href":"https:\/\/mspontocom.com.br\/site\/wp-json\/wp\/v2\/posts\/192599\/revisions"}],"predecessor-version":[{"id":192613,"href":"https:\/\/mspontocom.com.br\/site\/wp-json\/wp\/v2\/posts\/192599\/revisions\/192613"}],"wp:featuredmedia":[{"embeddable":true,"href":"https:\/\/mspontocom.com.br\/site\/wp-json\/wp\/v2\/media\/192612"}],"wp:attachment":[{"href":"https:\/\/mspontocom.com.br\/site\/wp-json\/wp\/v2\/media?parent=192599"}],"wp:term":[{"taxonomy":"category","embeddable":true,"href":"https:\/\/mspontocom.com.br\/site\/wp-json\/wp\/v2\/categories?post=192599"},{"taxonomy":"post_tag","embeddable":true,"href":"https:\/\/mspontocom.com.br\/site\/wp-json\/wp\/v2\/tags?post=192599"}],"curies":[{"name":"wp","href":"https:\/\/api.w.org\/{rel}","templated":true}]}}