{"id":192699,"date":"2024-08-01T06:58:53","date_gmt":"2024-08-01T10:58:53","guid":{"rendered":"https:\/\/mspontocom.com.br\/site\/?p=192699"},"modified":"2024-08-01T06:58:53","modified_gmt":"2024-08-01T10:58:53","slug":"oposicao-exige-informacoes-sobre-comitiva-de-janja-a-paris","status":"publish","type":"post","link":"https:\/\/mspontocom.com.br\/site\/oposicao-exige-informacoes-sobre-comitiva-de-janja-a-paris\/","title":{"rendered":"Oposi\u00e7\u00e3o exige informa\u00e7\u00f5es sobre comitiva de Janja a Paris"},"content":{"rendered":"<p style=\"text-align: justify;\"><img loading=\"lazy\" class=\"alignnone size-full wp-image-192705\" src=\"https:\/\/mspontocom.com.br\/site\/wp-content\/uploads\/2024\/08\/site-oposicao-pede-informacoes-sobre-comitiva-de-janja-a-paris-meme1.jpg\" alt=\"\" width=\"854\" height=\"903\" srcset=\"https:\/\/mspontocom.com.br\/site\/wp-content\/uploads\/2024\/08\/site-oposicao-pede-informacoes-sobre-comitiva-de-janja-a-paris-meme1.jpg 854w, https:\/\/mspontocom.com.br\/site\/wp-content\/uploads\/2024\/08\/site-oposicao-pede-informacoes-sobre-comitiva-de-janja-a-paris-meme1-260x275.jpg 260w, https:\/\/mspontocom.com.br\/site\/wp-content\/uploads\/2024\/08\/site-oposicao-pede-informacoes-sobre-comitiva-de-janja-a-paris-meme1-768x812.jpg 768w\" sizes=\"(max-width: 854px) 100vw, 854px\" \/>Os deputados do\u00a0<strong><a href=\"https:\/\/novo.org.br\/\" target=\"_blank\" rel=\"noreferrer noopener\">partido Novo<\/a><\/strong> encaminharam um requerimento de informa\u00e7\u00e3o ao ministro da\u00a0<strong><a href=\"https:\/\/www.gov.br\/casacivil\/pt-br\" target=\"_blank\" rel=\"noreferrer noopener\">Casa Civil<\/a><\/strong>, Rui Costa, sobre a comitiva que acompanhou a primeira-dama Janja Lula da Silva para a cerim\u00f4nia de abertura dos Jogos Ol\u00edmpicos de Paris 2024.<\/p>\n<p style=\"text-align: justify;\">O documento foi assinado pelos parlamentares Adriana Ventura (Novo-SP), Gilson Marques (Novo-SC) e Marcel van Hattem (Novo-RS).<\/p>\n<p style=\"text-align: justify;\">Por meio de nota, os deputados afirmam que a viagem de Janja e sua comitiva \u201clevantou d\u00favidas sobre a necessidade e os custos envolvidos\u201d e, por isso, \u201cexigem respostas espec\u00edficas para maior entendimento dos fatos e promo\u00e7\u00e3o da transpar\u00eancia\u201d.<\/p>\n<p style=\"text-align: justify;\">O requerimento inclui uma s\u00e9rie de perguntas, com o\u00a0<strong>custo total da viagem<\/strong>\u00a0de Janja e sua comitiva, os crit\u00e9rios de escolha dos assessores, al\u00e9m das atividades desempenhadas por cada integrante nos eventos oficiais.<\/p>\n<p style=\"text-align: justify;\">\u201cN\u00e3o \u00e9 aceit\u00e1vel que a primeira-dama viaje \u00e0s custas do er\u00e1rio sem justificativas claras e adequadas. Por isso, estamos exigindo informa\u00e7\u00f5es detalhadas sobre a composi\u00e7\u00e3o e os custos da comitiva, bem como a justificativa para a presen\u00e7a de cada assessor\u201d, declarou a deputada Adriana Ventura.<\/p>\n<p style=\"text-align: justify;\">Os parlamentares realizaram as seguintes perguntas para a Casa Civil:<\/p>\n<ul style=\"text-align: justify;\">\n<li>Quem comp\u00f4s a comitiva da primeira-dama? Solicita-se a lista completa de todos os membros da comitiva que acompanharam a primeira-dama na viagem, incluindo seus respectivos cargos e v\u00ednculos institucionais.<\/li>\n<li>Qual foi o custo total da viagem da comitiva da primeira-dama Ros\u00e2ngela Lula da Silva a Paris, incluindo passagens a\u00e9reas, di\u00e1rias, hospedagem, alimenta\u00e7\u00e3o e outros gastos relacionados? Enviar informa\u00e7\u00f5es detalhadas para cada pessoa que comp\u00f4s a comitiva, inclusive da primeira-dama.<\/li>\n<li>Qual a justificativa para a presen\u00e7a de cada um dos assessores que compunham a comitiva da primeira-dama? Quais foram os crit\u00e9rios utilizados para a escolha desses profissionais?<\/li>\n<li>Qual foi a participa\u00e7\u00e3o espec\u00edfica de cada assessor da comitiva nas atividades realizadas em Paris? Solicitamos um detalhamento das fun\u00e7\u00f5es e atividades desempenhadas por cada um dos membros da comitiva.<\/li>\n<li>Quais foram os eventos oficiais e encontros realizados pela primeira-dama durante a viagem a Paris? Solicita-se uma lista de autoridades e personalidades com quem a primeira-dama se reuniu, bem como os objetivos e resultados de tais encontros.<\/li>\n<\/ul>\n<p style=\"text-align: justify;\">Veja mais not\u00edcias em: <a href=\"http:\/\/www.mspontocom.com.br\">www.mspontocom.com.br<\/a><\/p>\n<p style=\"text-align: justify;\">Nosso X (Twitter) @mspontocom<\/p>\n<p style=\"text-align: justify;\">:<\/p>\n","protected":false},"excerpt":{"rendered":"<p>Os deputados do\u00a0partido Novo encaminharam um requerimento de informa\u00e7\u00e3o ao ministro da\u00a0Casa Civil, Rui Costa, sobre a comitiva que acompanhou a primeira-dama Janja Lula da Silva para a cerim\u00f4nia de abertura dos Jogos Ol\u00edmpicos de Paris 2024. O documento foi assinado pelos parlamentares Adriana Ventura (Novo-SP), Gilson Marques (Novo-SC) e Marcel van Hattem (Novo-RS). Por [&hellip;]<\/p>\n","protected":false},"author":2,"featured_media":192705,"comment_status":"open","ping_status":"open","sticky":false,"template":"","format":"standard","meta":{"_monsterinsights_skip_tracking":false,"_monsterinsights_sitenote_active":false,"_monsterinsights_sitenote_note":"","_monsterinsights_sitenote_category":0},"categories":[6,30260,30259,12],"tags":[5286,41658,37932,4285,574],"aioseo_notices":[],"_links":{"self":[{"href":"https:\/\/mspontocom.com.br\/site\/wp-json\/wp\/v2\/posts\/192699"}],"collection":[{"href":"https:\/\/mspontocom.com.br\/site\/wp-json\/wp\/v2\/posts"}],"about":[{"href":"https:\/\/mspontocom.com.br\/site\/wp-json\/wp\/v2\/types\/post"}],"author":[{"embeddable":true,"href":"https:\/\/mspontocom.com.br\/site\/wp-json\/wp\/v2\/users\/2"}],"replies":[{"embeddable":true,"href":"https:\/\/mspontocom.com.br\/site\/wp-json\/wp\/v2\/comments?post=192699"}],"version-history":[{"count":2,"href":"https:\/\/mspontocom.com.br\/site\/wp-json\/wp\/v2\/posts\/192699\/revisions"}],"predecessor-version":[{"id":192706,"href":"https:\/\/mspontocom.com.br\/site\/wp-json\/wp\/v2\/posts\/192699\/revisions\/192706"}],"wp:featuredmedia":[{"embeddable":true,"href":"https:\/\/mspontocom.com.br\/site\/wp-json\/wp\/v2\/media\/192705"}],"wp:attachment":[{"href":"https:\/\/mspontocom.com.br\/site\/wp-json\/wp\/v2\/media?parent=192699"}],"wp:term":[{"taxonomy":"category","embeddable":true,"href":"https:\/\/mspontocom.com.br\/site\/wp-json\/wp\/v2\/categories?post=192699"},{"taxonomy":"post_tag","embeddable":true,"href":"https:\/\/mspontocom.com.br\/site\/wp-json\/wp\/v2\/tags?post=192699"}],"curies":[{"name":"wp","href":"https:\/\/api.w.org\/{rel}","templated":true}]}}