{"id":192739,"date":"2024-08-03T06:42:47","date_gmt":"2024-08-03T10:42:47","guid":{"rendered":"https:\/\/mspontocom.com.br\/site\/?p=192739"},"modified":"2024-08-03T06:42:47","modified_gmt":"2024-08-03T10:42:47","slug":"venezuela-corre-serio-risco-de-virar-um-brasil-diz-oposicao","status":"publish","type":"post","link":"https:\/\/mspontocom.com.br\/site\/venezuela-corre-serio-risco-de-virar-um-brasil-diz-oposicao\/","title":{"rendered":"Venezuela \u201ccorre s\u00e9rio risco\u201d de virar um Brasil, diz oposi\u00e7\u00e3o"},"content":{"rendered":"<p style=\"text-align: justify;\"><img loading=\"lazy\" class=\"alignnone size-full wp-image-192741\" src=\"https:\/\/mspontocom.com.br\/site\/wp-content\/uploads\/2024\/08\/site-lula-maduro-29-mai-2023-2-848x477-1.jpg\" alt=\"\" width=\"848\" height=\"477\" srcset=\"https:\/\/mspontocom.com.br\/site\/wp-content\/uploads\/2024\/08\/site-lula-maduro-29-mai-2023-2-848x477-1.jpg 848w, https:\/\/mspontocom.com.br\/site\/wp-content\/uploads\/2024\/08\/site-lula-maduro-29-mai-2023-2-848x477-1-260x146.jpg 260w, https:\/\/mspontocom.com.br\/site\/wp-content\/uploads\/2024\/08\/site-lula-maduro-29-mai-2023-2-848x477-1-768x432.jpg 768w\" sizes=\"(max-width: 848px) 100vw, 848px\" \/>Integrantes da oposi\u00e7\u00e3o criticaram o \u201capoio\u201d do governo brasileiro na reelei\u00e7\u00e3o do presidente da Venezuela, Nicol\u00e1s Maduro.<\/p>\n<p style=\"text-align: justify;\">Os congressistas tamb\u00e9m citaram o reconhecimento do Departamento de Estado norte-americano, que afirmou\u00a0 que Maduro perdeu a elei\u00e7\u00e3o.<\/p>\n<p style=\"text-align: justify;\">O deputado federal Gustavo Gayer (PL-GO) disse em seu perfil do X (ex-Twitter) que \u201cdo jeito\u201d que as coisas est\u00e3o indo, a Venezuela \u201ccorre s\u00e9rio risco\u201d de virar um Brasil.<\/p>\n<p>Na 2\u00aa feira a oposi\u00e7\u00e3o brasileira tamb\u00e9m criticou o PT por reconhecer a vit\u00f3ria do presidente da Venezuela.<\/p>\n<p style=\"text-align: justify;\">Em nota, a legenda \u201csa\u00fada o povo venezuelano pelo processo eleitoral\u201d e diz que o pleito foi uma \u201cjornada importadora, democr\u00e1tica e s\u00f3bria\u201d.<\/p>\n<p><img loading=\"lazy\" class=\"alignnone size-full wp-image-192740\" src=\"https:\/\/mspontocom.com.br\/site\/wp-content\/uploads\/2024\/08\/site-gayer.webp\" alt=\"\" width=\"1242\" height=\"386\" srcset=\"https:\/\/mspontocom.com.br\/site\/wp-content\/uploads\/2024\/08\/site-gayer.webp 1242w, https:\/\/mspontocom.com.br\/site\/wp-content\/uploads\/2024\/08\/site-gayer-260x81.webp 260w, https:\/\/mspontocom.com.br\/site\/wp-content\/uploads\/2024\/08\/site-gayer-1024x318.webp 1024w, https:\/\/mspontocom.com.br\/site\/wp-content\/uploads\/2024\/08\/site-gayer-768x239.webp 768w\" sizes=\"(max-width: 1242px) 100vw, 1242px\" \/><\/p>\n","protected":false},"excerpt":{"rendered":"<p>Integrantes da oposi\u00e7\u00e3o criticaram o \u201capoio\u201d do governo brasileiro na reelei\u00e7\u00e3o do presidente da Venezuela, Nicol\u00e1s Maduro. Os congressistas tamb\u00e9m citaram o reconhecimento do Departamento de Estado norte-americano, que afirmou\u00a0 que Maduro perdeu a elei\u00e7\u00e3o. O deputado federal Gustavo Gayer (PL-GO) disse em seu perfil do X (ex-Twitter) que \u201cdo jeito\u201d que as coisas est\u00e3o [&hellip;]<\/p>\n","protected":false},"author":2,"featured_media":192741,"comment_status":"open","ping_status":"open","sticky":false,"template":"","format":"standard","meta":{"_monsterinsights_skip_tracking":false,"_monsterinsights_sitenote_active":false,"_monsterinsights_sitenote_note":"","_monsterinsights_sitenote_category":0},"categories":[6,30260,30259,12],"tags":[41665,4285,1310],"aioseo_notices":[],"_links":{"self":[{"href":"https:\/\/mspontocom.com.br\/site\/wp-json\/wp\/v2\/posts\/192739"}],"collection":[{"href":"https:\/\/mspontocom.com.br\/site\/wp-json\/wp\/v2\/posts"}],"about":[{"href":"https:\/\/mspontocom.com.br\/site\/wp-json\/wp\/v2\/types\/post"}],"author":[{"embeddable":true,"href":"https:\/\/mspontocom.com.br\/site\/wp-json\/wp\/v2\/users\/2"}],"replies":[{"embeddable":true,"href":"https:\/\/mspontocom.com.br\/site\/wp-json\/wp\/v2\/comments?post=192739"}],"version-history":[{"count":1,"href":"https:\/\/mspontocom.com.br\/site\/wp-json\/wp\/v2\/posts\/192739\/revisions"}],"predecessor-version":[{"id":192742,"href":"https:\/\/mspontocom.com.br\/site\/wp-json\/wp\/v2\/posts\/192739\/revisions\/192742"}],"wp:featuredmedia":[{"embeddable":true,"href":"https:\/\/mspontocom.com.br\/site\/wp-json\/wp\/v2\/media\/192741"}],"wp:attachment":[{"href":"https:\/\/mspontocom.com.br\/site\/wp-json\/wp\/v2\/media?parent=192739"}],"wp:term":[{"taxonomy":"category","embeddable":true,"href":"https:\/\/mspontocom.com.br\/site\/wp-json\/wp\/v2\/categories?post=192739"},{"taxonomy":"post_tag","embeddable":true,"href":"https:\/\/mspontocom.com.br\/site\/wp-json\/wp\/v2\/tags?post=192739"}],"curies":[{"name":"wp","href":"https:\/\/api.w.org\/{rel}","templated":true}]}}