{"id":192752,"date":"2024-08-04T07:55:29","date_gmt":"2024-08-04T11:55:29","guid":{"rendered":"https:\/\/mspontocom.com.br\/site\/?p=192752"},"modified":"2024-08-04T07:55:29","modified_gmt":"2024-08-04T11:55:29","slug":"conluio-entre-pt-e-stf-e-escancarado-diz-oposicao","status":"publish","type":"post","link":"https:\/\/mspontocom.com.br\/site\/conluio-entre-pt-e-stf-e-escancarado-diz-oposicao\/","title":{"rendered":"Conluio entre PT e STF \u00e9 escancarado, diz oposi\u00e7\u00e3o"},"content":{"rendered":"<p><img loading=\"lazy\" class=\"size-full wp-image-192753\" src=\"https:\/\/mspontocom.com.br\/site\/wp-content\/uploads\/2024\/08\/site-conluio-entre-pt-e-stf-e-escancarado-diz-oposicao-flavio-dino-lula-alexandre-de-moraes.jpg\" alt=\"\" width=\"600\" height=\"420\" srcset=\"https:\/\/mspontocom.com.br\/site\/wp-content\/uploads\/2024\/08\/site-conluio-entre-pt-e-stf-e-escancarado-diz-oposicao-flavio-dino-lula-alexandre-de-moraes.jpg 600w, https:\/\/mspontocom.com.br\/site\/wp-content\/uploads\/2024\/08\/site-conluio-entre-pt-e-stf-e-escancarado-diz-oposicao-flavio-dino-lula-alexandre-de-moraes-260x182.jpg 260w\" sizes=\"(max-width: 600px) 100vw, 600px\" \/><\/p>\n<p style=\"text-align: justify;\">O deputado federal Alberto Fraga (PL-DF) diz acreditar \u201cpiamente\u201d na rela\u00e7\u00e3o amiga entre o governo do petista Lula e o STF, que tem interferido em compet\u00eancias dos outros Poderes da Rep\u00fablica, segundo o parlamentar.<\/p>\n<p style=\"text-align: justify;\">Segundo disse ao podcast Di\u00e1rio do Poder, ministros n\u00e3o v\u00e3o abrir m\u00e3o do poder acumulado nos \u00faltimos anos e o \u00fanico caminho para tentar contornar o impasse \u00e9 o Senado.<\/p>\n<p style=\"text-align: justify;\">Mas \u201co rabo preso n\u00e3o permite\u201d, resumiu o parlamentar federal.<\/p>\n<div class=\"notas\">\n<div id=\"Nota-2\" class=\"entry-block ch-nota Nota-2\" style=\"text-align: justify;\">\n<h3>Holofote<\/h3>\n<\/div>\n<p style=\"text-align: justify;\">Fraga atribui a \u201cinvas\u00e3o\u201d de compet\u00eancias ao holofote dado ao STF, inclusive atrav\u00e9s da TV Justi\u00e7a: \u201c\u00c9 porque tem plateia\u201d.<\/p>\n<div id=\"Nota-3\" class=\"entry-block ch-nota Nota-3\" style=\"text-align: justify;\">\n<h3>Muitos casos<\/h3>\n<\/div>\n<p style=\"text-align: justify;\">\u201cN\u00e3o faz sentido ministro ler voto por oito horas\u201d, lembrou o deputado sobre as longas sess\u00f5es no mensal\u00e3o, petrol\u00e3o e pris\u00e3o em 2\u00aa inst\u00e2ncia.<\/p>\n<div id=\"Nota-4\" class=\"entry-block ch-nota Nota-4\" style=\"text-align: justify;\">\n<h3>Rea\u00e7\u00e3o<\/h3>\n<\/div>\n<p style=\"text-align: justify;\">\u201cEst\u00e3o abusando\u201d, concluiu Fraga, que acredita que o Congress reagir\u00e1 atrav\u00e9s de projetos como mandatos para ministros e limitar de poderes.<\/p>\n<div id=\"Nota-5\" class=\"entry-block ch-nota Nota-5\" style=\"text-align: justify;\">\n<h3>At\u00e9 a Lava Jato<\/h3>\n<\/div>\n<p style=\"text-align: justify;\">Fraga lembra que a opera\u00e7\u00e3o Lava Jato, anulada na Corte, recuperou mais de R$15 bilh\u00f5es. \u201cTudo isso foi para o lixo por causa do STF.<\/p>\n<p>fonte: Coluna Claudio Humberto, Di\u00e1rio do Poder<\/p>\n<\/div>\n","protected":false},"excerpt":{"rendered":"<p>O deputado federal Alberto Fraga (PL-DF) diz acreditar \u201cpiamente\u201d na rela\u00e7\u00e3o amiga entre o governo do petista Lula e o STF, que tem interferido em compet\u00eancias dos outros Poderes da Rep\u00fablica, segundo o parlamentar. Segundo disse ao podcast Di\u00e1rio do Poder, ministros n\u00e3o v\u00e3o abrir m\u00e3o do poder acumulado nos \u00faltimos anos e o \u00fanico [&hellip;]<\/p>\n","protected":false},"author":2,"featured_media":192753,"comment_status":"open","ping_status":"open","sticky":false,"template":"","format":"standard","meta":{"_monsterinsights_skip_tracking":false,"_monsterinsights_sitenote_active":false,"_monsterinsights_sitenote_note":"","_monsterinsights_sitenote_category":0},"categories":[6,30260,30259,12],"tags":[40703,41668,4285,533,3014],"aioseo_notices":[],"_links":{"self":[{"href":"https:\/\/mspontocom.com.br\/site\/wp-json\/wp\/v2\/posts\/192752"}],"collection":[{"href":"https:\/\/mspontocom.com.br\/site\/wp-json\/wp\/v2\/posts"}],"about":[{"href":"https:\/\/mspontocom.com.br\/site\/wp-json\/wp\/v2\/types\/post"}],"author":[{"embeddable":true,"href":"https:\/\/mspontocom.com.br\/site\/wp-json\/wp\/v2\/users\/2"}],"replies":[{"embeddable":true,"href":"https:\/\/mspontocom.com.br\/site\/wp-json\/wp\/v2\/comments?post=192752"}],"version-history":[{"count":1,"href":"https:\/\/mspontocom.com.br\/site\/wp-json\/wp\/v2\/posts\/192752\/revisions"}],"predecessor-version":[{"id":192754,"href":"https:\/\/mspontocom.com.br\/site\/wp-json\/wp\/v2\/posts\/192752\/revisions\/192754"}],"wp:featuredmedia":[{"embeddable":true,"href":"https:\/\/mspontocom.com.br\/site\/wp-json\/wp\/v2\/media\/192753"}],"wp:attachment":[{"href":"https:\/\/mspontocom.com.br\/site\/wp-json\/wp\/v2\/media?parent=192752"}],"wp:term":[{"taxonomy":"category","embeddable":true,"href":"https:\/\/mspontocom.com.br\/site\/wp-json\/wp\/v2\/categories?post=192752"},{"taxonomy":"post_tag","embeddable":true,"href":"https:\/\/mspontocom.com.br\/site\/wp-json\/wp\/v2\/tags?post=192752"}],"curies":[{"name":"wp","href":"https:\/\/api.w.org\/{rel}","templated":true}]}}