{"id":192762,"date":"2024-08-05T08:03:40","date_gmt":"2024-08-05T12:03:40","guid":{"rendered":"https:\/\/mspontocom.com.br\/site\/?p=192762"},"modified":"2024-08-05T08:03:40","modified_gmt":"2024-08-05T12:03:40","slug":"mortes-de-indigenas-por-omissao-crescem-sob-lula","status":"publish","type":"post","link":"https:\/\/mspontocom.com.br\/site\/mortes-de-indigenas-por-omissao-crescem-sob-lula\/","title":{"rendered":"Mortes de ind\u00edgenas por omiss\u00e3o crescem sob Lula"},"content":{"rendered":"<p style=\"text-align: justify;\"><img loading=\"lazy\" class=\"alignnone size-full wp-image-192768\" src=\"https:\/\/mspontocom.com.br\/site\/wp-content\/uploads\/2024\/08\/site-mortes-de-indigenas-por-omissao-do-poder-publico-crescem-sob-lula-indio.jpg\" alt=\"\" width=\"474\" height=\"355\" srcset=\"https:\/\/mspontocom.com.br\/site\/wp-content\/uploads\/2024\/08\/site-mortes-de-indigenas-por-omissao-do-poder-publico-crescem-sob-lula-indio.jpg 474w, https:\/\/mspontocom.com.br\/site\/wp-content\/uploads\/2024\/08\/site-mortes-de-indigenas-por-omissao-do-poder-publico-crescem-sob-lula-indio-260x195.jpg 260w\" sizes=\"(max-width: 474px) 100vw, 474px\" \/><\/p>\n<p style=\"text-align: justify;\">O n\u00famero de ind\u00edgenas mortos por omiss\u00e3o do poder p\u00fablico foi de 1.331 em 2023, ano de in\u00edcio do 3\u00ba mandato do presidente Luiz In\u00e1cio Lula da Silva (PT).<\/p>\n<p style=\"text-align: justify;\">\u00c9 um crescimento de quase 30% em rela\u00e7\u00e3o \u00e0s 1.026 mortes de 2022.<\/p>\n<p style=\"text-align: justify;\">O dado \u00e9 do relat\u00f3rio \u201cViol\u00eancia Contra os Povos Ind\u00edgenas\u201d, do Cimi (Conselho Indigenista Mission\u00e1rio).<\/p>\n<p style=\"text-align: justify;\">O Cimi considera as mortes de crian\u00e7as de 0 a 5 anos, por suic\u00eddio e por desassist\u00eancia \u00e0 sa\u00fade como diretamente associadas \u00e0 neglig\u00eancia do Estado.<\/p>\n<p style=\"text-align: justify;\">Todas cresceram de 2022 a 2023.<\/p>\n<p style=\"text-align: justify;\">O n\u00famero foi recorde: 1.040 casos.<\/p>\n<p style=\"text-align: justify;\">\u00c9 o maior da s\u00e9rie hist\u00f3rica, com dados desde 2003, e 25% superior \u00e0s 835 de 2022.<\/p>\n<p style=\"text-align: justify;\">O relat\u00f3rio considera que pelo menos 65% dos casos (670) eram evit\u00e1veis.<\/p>\n<p style=\"text-align: justify;\">fonte: Luisa Carvalho, Poder 360<\/p>\n<p style=\"text-align: justify;\">Veja mais not\u00edcias em: <a href=\"http:\/\/www.mspontocom.com.br\">www.mspontocom.com.br<\/a><\/p>\n<p style=\"text-align: justify;\">Nosso X (Twitter) @mspontocom<\/p>\n","protected":false},"excerpt":{"rendered":"<p>O n\u00famero de ind\u00edgenas mortos por omiss\u00e3o do poder p\u00fablico foi de 1.331 em 2023, ano de in\u00edcio do 3\u00ba mandato do presidente Luiz In\u00e1cio Lula da Silva (PT). \u00c9 um crescimento de quase 30% em rela\u00e7\u00e3o \u00e0s 1.026 mortes de 2022. O dado \u00e9 do relat\u00f3rio \u201cViol\u00eancia Contra os Povos Ind\u00edgenas\u201d, do Cimi (Conselho [&hellip;]<\/p>\n","protected":false},"author":2,"featured_media":192768,"comment_status":"open","ping_status":"open","sticky":false,"template":"","format":"standard","meta":{"_monsterinsights_skip_tracking":false,"_monsterinsights_sitenote_active":false,"_monsterinsights_sitenote_note":"","_monsterinsights_sitenote_category":0},"categories":[6,30260,30259,12],"tags":[1431,480,3101,33221],"aioseo_notices":[],"_links":{"self":[{"href":"https:\/\/mspontocom.com.br\/site\/wp-json\/wp\/v2\/posts\/192762"}],"collection":[{"href":"https:\/\/mspontocom.com.br\/site\/wp-json\/wp\/v2\/posts"}],"about":[{"href":"https:\/\/mspontocom.com.br\/site\/wp-json\/wp\/v2\/types\/post"}],"author":[{"embeddable":true,"href":"https:\/\/mspontocom.com.br\/site\/wp-json\/wp\/v2\/users\/2"}],"replies":[{"embeddable":true,"href":"https:\/\/mspontocom.com.br\/site\/wp-json\/wp\/v2\/comments?post=192762"}],"version-history":[{"count":2,"href":"https:\/\/mspontocom.com.br\/site\/wp-json\/wp\/v2\/posts\/192762\/revisions"}],"predecessor-version":[{"id":192769,"href":"https:\/\/mspontocom.com.br\/site\/wp-json\/wp\/v2\/posts\/192762\/revisions\/192769"}],"wp:featuredmedia":[{"embeddable":true,"href":"https:\/\/mspontocom.com.br\/site\/wp-json\/wp\/v2\/media\/192768"}],"wp:attachment":[{"href":"https:\/\/mspontocom.com.br\/site\/wp-json\/wp\/v2\/media?parent=192762"}],"wp:term":[{"taxonomy":"category","embeddable":true,"href":"https:\/\/mspontocom.com.br\/site\/wp-json\/wp\/v2\/categories?post=192762"},{"taxonomy":"post_tag","embeddable":true,"href":"https:\/\/mspontocom.com.br\/site\/wp-json\/wp\/v2\/tags?post=192762"}],"curies":[{"name":"wp","href":"https:\/\/api.w.org\/{rel}","templated":true}]}}