{"id":192791,"date":"2024-08-06T05:35:30","date_gmt":"2024-08-06T09:35:30","guid":{"rendered":"https:\/\/mspontocom.com.br\/site\/?p=192791"},"modified":"2024-08-06T05:35:30","modified_gmt":"2024-08-06T09:35:30","slug":"governo-gasta-r-834-mil-para-janja-se-encontrar-com-macron-em-paris","status":"publish","type":"post","link":"https:\/\/mspontocom.com.br\/site\/governo-gasta-r-834-mil-para-janja-se-encontrar-com-macron-em-paris\/","title":{"rendered":"Governo gasta R$ 83,4 mil para Janja se encontrar com Macron em Paris"},"content":{"rendered":"<p style=\"text-align: justify;\"><img loading=\"lazy\" class=\"alignnone size-full wp-image-192793\" src=\"https:\/\/mspontocom.com.br\/site\/wp-content\/uploads\/2024\/08\/site-governo-gasta-r-834-mil-para-janja-se-encontrar-com-macron-em-paris-meme-janja-lula-macron-29-mar-2024-e1722936820682.webp\" alt=\"\" width=\"988\" height=\"696\" srcset=\"https:\/\/mspontocom.com.br\/site\/wp-content\/uploads\/2024\/08\/site-governo-gasta-r-834-mil-para-janja-se-encontrar-com-macron-em-paris-meme-janja-lula-macron-29-mar-2024-e1722936820682.webp 988w, https:\/\/mspontocom.com.br\/site\/wp-content\/uploads\/2024\/08\/site-governo-gasta-r-834-mil-para-janja-se-encontrar-com-macron-em-paris-meme-janja-lula-macron-29-mar-2024-e1722936820682-260x183.webp 260w, https:\/\/mspontocom.com.br\/site\/wp-content\/uploads\/2024\/08\/site-governo-gasta-r-834-mil-para-janja-se-encontrar-com-macron-em-paris-meme-janja-lula-macron-29-mar-2024-e1722936820682-768x541.webp 768w\" sizes=\"(max-width: 988px) 100vw, 988px\" \/>O portal do governo registra a despesa da viagem da primeira-dama para a Fran\u00e7a; o Pal\u00e1cio do Planalto.<\/p>\n<p style=\"text-align: justify;\">O\u00a0governo gastou R$ 83,4 mil reais em passagens para que a primeira-dama Ros\u00e2ngela da Silva, conhecida como <strong>\u201cJanja\u201d,\u00a0<\/strong>comparecesse \u00e0 abertura da Olimp\u00edada de Paris.<\/p>\n<p style=\"text-align: justify;\">Em julho, esse foi o segundo custo mais elevado entre todos os funcion\u00e1rios da administra\u00e7\u00e3o do presidente Lula.<\/p>\n<p style=\"text-align: justify;\">Segundo o Painel de Viagens do Minist\u00e9rio da Gest\u00e3o e da Inova\u00e7\u00e3o em Servi\u00e7os P\u00fablicos, duas passagens foram emitidas em nome da primeira-dama.<\/p>\n<p style=\"text-align: justify;\">No dia 25 de julho, Janja chegou a Paris e retornou ao Brasil no dia 29 do mesmo m\u00eas.<\/p>\n<p style=\"text-align: justify;\">Enquanto estava na capital francesa, a primeira-dama cumpriu compromissos como chefe de Estado.<\/p>\n<p style=\"text-align: justify;\">Ela n\u00e3o apenas participou da abertura dos jogos, como tamb\u00e9m foi recebida pelo presidente franc\u00eas, <strong>Emmanuel Macron.<\/strong><\/p>\n<p>Veja mais not\u00edcias em: <a href=\"http:\/\/www.mspontocom.com.br\">www.mspontocom.com.br<\/a><\/p>\n<p>Nosso X (Twitter) @mspontocom<\/p>\n","protected":false},"excerpt":{"rendered":"<p>O portal do governo registra a despesa da viagem da primeira-dama para a Fran\u00e7a; o Pal\u00e1cio do Planalto. O\u00a0governo gastou R$ 83,4 mil reais em passagens para que a primeira-dama Ros\u00e2ngela da Silva, conhecida como \u201cJanja\u201d,\u00a0comparecesse \u00e0 abertura da Olimp\u00edada de Paris. Em julho, esse foi o segundo custo mais elevado entre todos os funcion\u00e1rios [&hellip;]<\/p>\n","protected":false},"author":2,"featured_media":192793,"comment_status":"open","ping_status":"open","sticky":false,"template":"","format":"standard","meta":{"_monsterinsights_skip_tracking":false,"_monsterinsights_sitenote_active":false,"_monsterinsights_sitenote_note":"","_monsterinsights_sitenote_category":0},"categories":[6,30260,30259,12],"tags":[78,37932,34316,574],"aioseo_notices":[],"_links":{"self":[{"href":"https:\/\/mspontocom.com.br\/site\/wp-json\/wp\/v2\/posts\/192791"}],"collection":[{"href":"https:\/\/mspontocom.com.br\/site\/wp-json\/wp\/v2\/posts"}],"about":[{"href":"https:\/\/mspontocom.com.br\/site\/wp-json\/wp\/v2\/types\/post"}],"author":[{"embeddable":true,"href":"https:\/\/mspontocom.com.br\/site\/wp-json\/wp\/v2\/users\/2"}],"replies":[{"embeddable":true,"href":"https:\/\/mspontocom.com.br\/site\/wp-json\/wp\/v2\/comments?post=192791"}],"version-history":[{"count":2,"href":"https:\/\/mspontocom.com.br\/site\/wp-json\/wp\/v2\/posts\/192791\/revisions"}],"predecessor-version":[{"id":192794,"href":"https:\/\/mspontocom.com.br\/site\/wp-json\/wp\/v2\/posts\/192791\/revisions\/192794"}],"wp:featuredmedia":[{"embeddable":true,"href":"https:\/\/mspontocom.com.br\/site\/wp-json\/wp\/v2\/media\/192793"}],"wp:attachment":[{"href":"https:\/\/mspontocom.com.br\/site\/wp-json\/wp\/v2\/media?parent=192791"}],"wp:term":[{"taxonomy":"category","embeddable":true,"href":"https:\/\/mspontocom.com.br\/site\/wp-json\/wp\/v2\/categories?post=192791"},{"taxonomy":"post_tag","embeddable":true,"href":"https:\/\/mspontocom.com.br\/site\/wp-json\/wp\/v2\/tags?post=192791"}],"curies":[{"name":"wp","href":"https:\/\/api.w.org\/{rel}","templated":true}]}}