{"id":192854,"date":"2024-08-08T08:01:03","date_gmt":"2024-08-08T12:01:03","guid":{"rendered":"https:\/\/mspontocom.com.br\/site\/?p=192854"},"modified":"2024-08-08T08:01:03","modified_gmt":"2024-08-08T12:01:03","slug":"nao-tenho-confianca-nas-atas-da-oposicao-diz-assessor-de-lula","status":"publish","type":"post","link":"https:\/\/mspontocom.com.br\/site\/nao-tenho-confianca-nas-atas-da-oposicao-diz-assessor-de-lula\/","title":{"rendered":"N\u00e3o tenho confian\u00e7a nas atas da oposi\u00e7\u00e3o, diz assessor de Lula"},"content":{"rendered":"<p style=\"text-align: justify;\"><img loading=\"lazy\" class=\"alignnone size-full wp-image-192864\" src=\"https:\/\/mspontocom.com.br\/site\/wp-content\/uploads\/2024\/08\/site-nao-tenho-confianca-nas-atas-da-oposicao-diz-assessor-de-lula-celso.jpg\" alt=\"\" width=\"848\" height=\"477\" srcset=\"https:\/\/mspontocom.com.br\/site\/wp-content\/uploads\/2024\/08\/site-nao-tenho-confianca-nas-atas-da-oposicao-diz-assessor-de-lula-celso.jpg 848w, https:\/\/mspontocom.com.br\/site\/wp-content\/uploads\/2024\/08\/site-nao-tenho-confianca-nas-atas-da-oposicao-diz-assessor-de-lula-celso-260x146.jpg 260w, https:\/\/mspontocom.com.br\/site\/wp-content\/uploads\/2024\/08\/site-nao-tenho-confianca-nas-atas-da-oposicao-diz-assessor-de-lula-celso-768x432.jpg 768w\" sizes=\"(max-width: 848px) 100vw, 848px\" \/>O assessor especial para assuntos internacionais do presidente Lula, Celso Amorim (na foto com Maduro), disse n\u00e3o confiar nas atas divulgadas pela oposi\u00e7\u00e3o ao presidente Nicol\u00e1s Maduro.<\/p>\n<p style=\"text-align: justify;\">Em entrevista \u00e0 Globonews, declarou preferir aguardar a divulga\u00e7\u00e3o do resultado ofic ial antes de se pronunciar.<\/p>\n<p style=\"text-align: justify;\">\u201cLament\u00e1vel que as atas n\u00e3o tenham aparecido, eu disse isso para o presidente Maduro no dia seguinte \u00e0 elei\u00e7\u00e3o\u201d, disse.<\/p>\n<p style=\"text-align: justify;\">Em outro momento, declarou:<\/p>\n<p style=\"text-align: justify;\"><span style=\"font-size: 14pt;\"><em>\u201cEu tamb\u00e9m n\u00e3o tenho confian\u00e7a nas atas da oposi\u00e7\u00e3o\u201d<\/em><\/span><\/p>\n<p style=\"text-align: justify;\">Junto \u00e0 Col\u00f4mbia e ao M\u00e9xico, o Brasil pediu a divulga\u00e7\u00e3o das atas de vota\u00e7\u00e3o, submetidas \u00e0 Justi\u00e7a da Venezuela.<\/p>\n<p style=\"text-align: justify;\">A partir de ent\u00e3o, segundo ele, os 3 pa\u00edses n\u00e3o conseguiram contato com Maduro.<\/p>\n<p style=\"text-align: justify;\">Veja mais not\u00edcias em: <a href=\"http:\/\/www.mspontocom.com.br\">www.mspontocom.com.br<\/a><\/p>\n<p style=\"text-align: justify;\">Nosso X (Twitter) @mspontocom<\/p>\n","protected":false},"excerpt":{"rendered":"<p>O assessor especial para assuntos internacionais do presidente Lula, Celso Amorim (na foto com Maduro), disse n\u00e3o confiar nas atas divulgadas pela oposi\u00e7\u00e3o ao presidente Nicol\u00e1s Maduro. Em entrevista \u00e0 Globonews, declarou preferir aguardar a divulga\u00e7\u00e3o do resultado ofic ial antes de se pronunciar. \u201cLament\u00e1vel que as atas n\u00e3o tenham aparecido, eu disse isso para [&hellip;]<\/p>\n","protected":false},"author":2,"featured_media":192864,"comment_status":"open","ping_status":"open","sticky":false,"template":"","format":"standard","meta":{"_monsterinsights_skip_tracking":false,"_monsterinsights_sitenote_active":false,"_monsterinsights_sitenote_note":"","_monsterinsights_sitenote_category":0},"categories":[1,7,30259,12],"tags":[23868,41685,34066,480,41684,4285],"aioseo_notices":[],"_links":{"self":[{"href":"https:\/\/mspontocom.com.br\/site\/wp-json\/wp\/v2\/posts\/192854"}],"collection":[{"href":"https:\/\/mspontocom.com.br\/site\/wp-json\/wp\/v2\/posts"}],"about":[{"href":"https:\/\/mspontocom.com.br\/site\/wp-json\/wp\/v2\/types\/post"}],"author":[{"embeddable":true,"href":"https:\/\/mspontocom.com.br\/site\/wp-json\/wp\/v2\/users\/2"}],"replies":[{"embeddable":true,"href":"https:\/\/mspontocom.com.br\/site\/wp-json\/wp\/v2\/comments?post=192854"}],"version-history":[{"count":3,"href":"https:\/\/mspontocom.com.br\/site\/wp-json\/wp\/v2\/posts\/192854\/revisions"}],"predecessor-version":[{"id":192866,"href":"https:\/\/mspontocom.com.br\/site\/wp-json\/wp\/v2\/posts\/192854\/revisions\/192866"}],"wp:featuredmedia":[{"embeddable":true,"href":"https:\/\/mspontocom.com.br\/site\/wp-json\/wp\/v2\/media\/192864"}],"wp:attachment":[{"href":"https:\/\/mspontocom.com.br\/site\/wp-json\/wp\/v2\/media?parent=192854"}],"wp:term":[{"taxonomy":"category","embeddable":true,"href":"https:\/\/mspontocom.com.br\/site\/wp-json\/wp\/v2\/categories?post=192854"},{"taxonomy":"post_tag","embeddable":true,"href":"https:\/\/mspontocom.com.br\/site\/wp-json\/wp\/v2\/tags?post=192854"}],"curies":[{"name":"wp","href":"https:\/\/api.w.org\/{rel}","templated":true}]}}