{"id":192942,"date":"2024-08-12T07:37:03","date_gmt":"2024-08-12T11:37:03","guid":{"rendered":"https:\/\/mspontocom.com.br\/site\/?p=192942"},"modified":"2024-08-12T07:37:03","modified_gmt":"2024-08-12T11:37:03","slug":"corina-convoca-evento-mundial-contra-fraude-na-venezuela","status":"publish","type":"post","link":"https:\/\/mspontocom.com.br\/site\/corina-convoca-evento-mundial-contra-fraude-na-venezuela\/","title":{"rendered":"Corina convoca evento mundial contra fraude na Venezuela"},"content":{"rendered":"<p style=\"text-align: justify;\"><img loading=\"lazy\" class=\"alignnone size-full wp-image-192952\" src=\"https:\/\/mspontocom.com.br\/site\/wp-content\/uploads\/2024\/08\/site-maria-corina-machado-promove-evento-mundial-contra-eleicoes-na-venezuela-corina.jpg\" alt=\"\" width=\"960\" height=\"540\" srcset=\"https:\/\/mspontocom.com.br\/site\/wp-content\/uploads\/2024\/08\/site-maria-corina-machado-promove-evento-mundial-contra-eleicoes-na-venezuela-corina.jpg 960w, https:\/\/mspontocom.com.br\/site\/wp-content\/uploads\/2024\/08\/site-maria-corina-machado-promove-evento-mundial-contra-eleicoes-na-venezuela-corina-260x146.jpg 260w, https:\/\/mspontocom.com.br\/site\/wp-content\/uploads\/2024\/08\/site-maria-corina-machado-promove-evento-mundial-contra-eleicoes-na-venezuela-corina-768x432.jpg 768w\" sizes=\"(max-width: 960px) 100vw, 960px\" \/>A l\u00edder da oposi\u00e7\u00e3o na Venezuela, Mar\u00eda Corina Machado, convocou um \u201cgrande protesto mundial\u201d para o pr\u00f3ximo s\u00e1bado <strong>(17 de agosto)<\/strong> para \u201clevantar a voz pela verdade\u201d sobre as elei\u00e7\u00f5es do dia 28 de julho.<\/p>\n<p style=\"text-align: justify;\">Por meio de uma postagem na rede social X, Machado incentivou os cidad\u00e3os dentro e fora da Venezuela a imprimir seus comprovantes de voto e levar aos locais das manifesta\u00e7\u00f5es.<\/p>\n<p style=\"text-align: justify;\">O objetivo \u00e9 que \u201ccom as atas em m\u00e3os, o mundo veja que n\u00e3o nos deixaremos roubar\u201d, escreveu.<\/p>\n<p style=\"text-align: justify;\">Machado frisou que o resultado das elei\u00e7\u00f5es presidenciais \u201cn\u00e3o \u00e9 negoci\u00e1vel\u201d nem a \u201csoberania popular\u201d que, segundo ela refor\u00e7a, deu seu apoio majorit\u00e1rio ao candidato da oposi\u00e7\u00e3o, Edmundo Gonz\u00e1lez Urrutia.<\/p>\n<p style=\"text-align: justify;\">Veja mais not\u00edcias em: <a href=\"http:\/\/www.mspontocom.com.br\">www.mspontocom.com.br<\/a><\/p>\n<p style=\"text-align: justify;\">Nosso X (Twitter) @mspontocom<\/p>\n","protected":false},"excerpt":{"rendered":"<p>A l\u00edder da oposi\u00e7\u00e3o na Venezuela, Mar\u00eda Corina Machado, convocou um \u201cgrande protesto mundial\u201d para o pr\u00f3ximo s\u00e1bado (17 de agosto) para \u201clevantar a voz pela verdade\u201d sobre as elei\u00e7\u00f5es do dia 28 de julho. Por meio de uma postagem na rede social X, Machado incentivou os cidad\u00e3os dentro e fora da Venezuela a imprimir [&hellip;]<\/p>\n","protected":false},"author":2,"featured_media":192952,"comment_status":"open","ping_status":"open","sticky":false,"template":"","format":"standard","meta":{"_monsterinsights_skip_tracking":false,"_monsterinsights_sitenote_active":false,"_monsterinsights_sitenote_note":"","_monsterinsights_sitenote_category":0},"categories":[7,12],"tags":[25986,39097,1638,39832,1310],"aioseo_notices":[],"_links":{"self":[{"href":"https:\/\/mspontocom.com.br\/site\/wp-json\/wp\/v2\/posts\/192942"}],"collection":[{"href":"https:\/\/mspontocom.com.br\/site\/wp-json\/wp\/v2\/posts"}],"about":[{"href":"https:\/\/mspontocom.com.br\/site\/wp-json\/wp\/v2\/types\/post"}],"author":[{"embeddable":true,"href":"https:\/\/mspontocom.com.br\/site\/wp-json\/wp\/v2\/users\/2"}],"replies":[{"embeddable":true,"href":"https:\/\/mspontocom.com.br\/site\/wp-json\/wp\/v2\/comments?post=192942"}],"version-history":[{"count":2,"href":"https:\/\/mspontocom.com.br\/site\/wp-json\/wp\/v2\/posts\/192942\/revisions"}],"predecessor-version":[{"id":192953,"href":"https:\/\/mspontocom.com.br\/site\/wp-json\/wp\/v2\/posts\/192942\/revisions\/192953"}],"wp:featuredmedia":[{"embeddable":true,"href":"https:\/\/mspontocom.com.br\/site\/wp-json\/wp\/v2\/media\/192952"}],"wp:attachment":[{"href":"https:\/\/mspontocom.com.br\/site\/wp-json\/wp\/v2\/media?parent=192942"}],"wp:term":[{"taxonomy":"category","embeddable":true,"href":"https:\/\/mspontocom.com.br\/site\/wp-json\/wp\/v2\/categories?post=192942"},{"taxonomy":"post_tag","embeddable":true,"href":"https:\/\/mspontocom.com.br\/site\/wp-json\/wp\/v2\/tags?post=192942"}],"curies":[{"name":"wp","href":"https:\/\/api.w.org\/{rel}","templated":true}]}}