{"id":193005,"date":"2024-08-14T05:02:39","date_gmt":"2024-08-14T09:02:39","guid":{"rendered":"https:\/\/mspontocom.com.br\/site\/?p=193005"},"modified":"2024-08-14T06:39:58","modified_gmt":"2024-08-14T10:39:58","slug":"unesp-convida-para-semana-de-imersao-total-em-astronomia-evento-gratuito","status":"publish","type":"post","link":"https:\/\/mspontocom.com.br\/site\/unesp-convida-para-semana-de-imersao-total-em-astronomia-evento-gratuito\/","title":{"rendered":"Unesp convida para Semana de Imers\u00e3o Total em Astronomia. Evento gratuito"},"content":{"rendered":"<p style=\"font-weight: 400; text-align: justify;\"><img loading=\"lazy\" class=\"alignnone size-full wp-image-193014\" src=\"https:\/\/mspontocom.com.br\/site\/wp-content\/uploads\/2024\/08\/site-unesp-convida-para-semana-de-imersao-total-em-astronomia-evento-gratuito-observatorio-bauru-unesp-e1723631867292.jpg\" alt=\"\" width=\"1010\" height=\"539\" srcset=\"https:\/\/mspontocom.com.br\/site\/wp-content\/uploads\/2024\/08\/site-unesp-convida-para-semana-de-imersao-total-em-astronomia-evento-gratuito-observatorio-bauru-unesp-e1723631867292.jpg 1010w, https:\/\/mspontocom.com.br\/site\/wp-content\/uploads\/2024\/08\/site-unesp-convida-para-semana-de-imersao-total-em-astronomia-evento-gratuito-observatorio-bauru-unesp-e1723631867292-260x139.jpg 260w, https:\/\/mspontocom.com.br\/site\/wp-content\/uploads\/2024\/08\/site-unesp-convida-para-semana-de-imersao-total-em-astronomia-evento-gratuito-observatorio-bauru-unesp-e1723631867292-768x410.jpg 768w\" sizes=\"(max-width: 1010px) 100vw, 1010px\" \/>A UNESP Bauru, promove a IX Semana de Imers\u00e3o Total em Astronomia.<\/p>\n<p style=\"font-weight: 400; text-align: justify;\">Destina-se \u00e0 comunidade interna e externa \u00e0 UNESP, professores e alunos de qualquer n\u00edvel escolar.<\/p>\n<p style=\"font-weight: 400; text-align: justify;\">O evento \u00e9 gratuito e tem como tradi\u00e7\u00e3o receber e acolher pessoas de todo o Brasil anualmente.<\/p>\n<p style=\"font-weight: 400; text-align: justify;\">Em 2024,\u00a0ocorrer\u00e1 de 9 a 13 de dezembro, com participa\u00e7\u00e3o opcional adicional nos dias 7 e 8 em uma fazenda distante das luzes da cidade, com uma programa\u00e7\u00e3o especial de AstroCamping e telesc\u00f3pios.<\/p>\n<p style=\"font-weight: 400; text-align: justify;\"><span style=\"font-size: 14pt;\"><strong>Confira o resumo da\u00a0IX Semana de Imers\u00e3o Total em Astronomia:<\/strong><\/span><\/p>\n<ul style=\"text-align: justify;\">\n<li style=\"font-weight: 400;\">Palestras com 5 astr\u00f4nomos profissionais e especialistas da \u00e1rea<\/li>\n<li style=\"font-weight: 400;\">Minicursos: espectro eletromagn\u00e9tico,\u00a0constru\u00e7\u00e3o de telesc\u00f3pios e astrofotografias<\/li>\n<li style=\"font-weight: 400;\">Observa\u00e7\u00f5es do Sol e do c\u00e9u com telesc\u00f3pios<\/li>\n<li style=\"font-weight: 400;\">Visita ao Observat\u00f3rio Did\u00e1tico de Astronomia da UNESP<\/li>\n<li style=\"font-weight: 400;\">Sorteios e brindes para professores<\/li>\n<li style=\"font-weight: 400;\">III Exposi\u00e7\u00e3o de Projetos do Observat\u00f3rio Did\u00e1tico de Astronomia<\/li>\n<li style=\"font-weight: 400;\">Exposi\u00e7\u00e3o de trabalhos acad\u00eamicos de alunos de diversos programas de p\u00f3s-gradua\u00e7\u00e3o da UNESP<\/li>\n<li style=\"font-weight: 400;\">AstroCamping e Star Party (Encontro de Telesc\u00f3pios)<\/li>\n<\/ul>\n<p style=\"font-weight: 400; text-align: justify;\">Para maiores detalhes sobre a programa\u00e7\u00e3o, palestrantes convidados, prazos de inscri\u00e7\u00f5es como ouvinte ou com apresenta\u00e7\u00e3o de trabalho, acesse o site do evento:<\/p>\n<p style=\"font-weight: 400; text-align: justify;\"><a href=\"https:\/\/sites.google.com\/unesp.br\/ixseita\" data-saferedirecturl=\"https:\/\/www.google.com\/url?q=https:\/\/sites.google.com\/unesp.br\/ixseita&amp;source=gmail&amp;ust=1723715944093000&amp;usg=AOvVaw1sNRflTGcM9qrzTlxcWhOR\">https:\/\/sites.google.com\/unesp.br\/ixseita<\/a><\/p>\n","protected":false},"excerpt":{"rendered":"<p>A UNESP Bauru, promove a IX Semana de Imers\u00e3o Total em Astronomia. Destina-se \u00e0 comunidade interna e externa \u00e0 UNESP, professores e alunos de qualquer n\u00edvel escolar. O evento \u00e9 gratuito e tem como tradi\u00e7\u00e3o receber e acolher pessoas de todo o Brasil anualmente. Em 2024,\u00a0ocorrer\u00e1 de 9 a 13 de dezembro, com participa\u00e7\u00e3o opcional [&hellip;]<\/p>\n","protected":false},"author":2,"featured_media":193014,"comment_status":"open","ping_status":"open","sticky":false,"template":"","format":"standard","meta":{"_monsterinsights_skip_tracking":false,"_monsterinsights_sitenote_active":false,"_monsterinsights_sitenote_note":"","_monsterinsights_sitenote_category":0},"categories":[7752],"tags":[27383,41710,13480],"aioseo_notices":[],"_links":{"self":[{"href":"https:\/\/mspontocom.com.br\/site\/wp-json\/wp\/v2\/posts\/193005"}],"collection":[{"href":"https:\/\/mspontocom.com.br\/site\/wp-json\/wp\/v2\/posts"}],"about":[{"href":"https:\/\/mspontocom.com.br\/site\/wp-json\/wp\/v2\/types\/post"}],"author":[{"embeddable":true,"href":"https:\/\/mspontocom.com.br\/site\/wp-json\/wp\/v2\/users\/2"}],"replies":[{"embeddable":true,"href":"https:\/\/mspontocom.com.br\/site\/wp-json\/wp\/v2\/comments?post=193005"}],"version-history":[{"count":2,"href":"https:\/\/mspontocom.com.br\/site\/wp-json\/wp\/v2\/posts\/193005\/revisions"}],"predecessor-version":[{"id":193015,"href":"https:\/\/mspontocom.com.br\/site\/wp-json\/wp\/v2\/posts\/193005\/revisions\/193015"}],"wp:featuredmedia":[{"embeddable":true,"href":"https:\/\/mspontocom.com.br\/site\/wp-json\/wp\/v2\/media\/193014"}],"wp:attachment":[{"href":"https:\/\/mspontocom.com.br\/site\/wp-json\/wp\/v2\/media?parent=193005"}],"wp:term":[{"taxonomy":"category","embeddable":true,"href":"https:\/\/mspontocom.com.br\/site\/wp-json\/wp\/v2\/categories?post=193005"},{"taxonomy":"post_tag","embeddable":true,"href":"https:\/\/mspontocom.com.br\/site\/wp-json\/wp\/v2\/tags?post=193005"}],"curies":[{"name":"wp","href":"https:\/\/api.w.org\/{rel}","templated":true}]}}