{"id":193079,"date":"2024-08-16T05:22:49","date_gmt":"2024-08-16T09:22:49","guid":{"rendered":"https:\/\/mspontocom.com.br\/site\/?p=193079"},"modified":"2024-08-16T08:29:11","modified_gmt":"2024-08-16T12:29:11","slug":"ovnis-no-brasil-governo-e-fab-divulgam-relatos-de-pilotos","status":"publish","type":"post","link":"https:\/\/mspontocom.com.br\/site\/ovnis-no-brasil-governo-e-fab-divulgam-relatos-de-pilotos\/","title":{"rendered":"Ovnis no Brasil: Governo e FAB divulgam relatos de pilotos"},"content":{"rendered":"<p style=\"text-align: justify;\"><img loading=\"lazy\" class=\"alignnone size-full wp-image-193088\" src=\"https:\/\/mspontocom.com.br\/site\/wp-content\/uploads\/2024\/08\/site-ovnis-no-brasil-governo-divulga-relatos-de-pilotos-aobni1.jpg\" alt=\"\" width=\"1280\" height=\"720\" srcset=\"https:\/\/mspontocom.com.br\/site\/wp-content\/uploads\/2024\/08\/site-ovnis-no-brasil-governo-divulga-relatos-de-pilotos-aobni1.jpg 1280w, https:\/\/mspontocom.com.br\/site\/wp-content\/uploads\/2024\/08\/site-ovnis-no-brasil-governo-divulga-relatos-de-pilotos-aobni1-260x146.jpg 260w, https:\/\/mspontocom.com.br\/site\/wp-content\/uploads\/2024\/08\/site-ovnis-no-brasil-governo-divulga-relatos-de-pilotos-aobni1-1024x576.jpg 1024w, https:\/\/mspontocom.com.br\/site\/wp-content\/uploads\/2024\/08\/site-ovnis-no-brasil-governo-divulga-relatos-de-pilotos-aobni1-768x432.jpg 768w\" sizes=\"(max-width: 1280px) 100vw, 1280px\" \/>O\u00a0<strong>Arquivo Nacional divulgou novos relatos feitos por pilotos brasileiros aos Centros Integrado de Defesa A\u00e9rea e Controle de Tr\u00e1fego A\u00e9reo (Cindactas) a respeito de avistamento de Objetos Voadores N\u00e3o Identificados (OVNIs)<\/strong>.<\/p>\n<p style=\"text-align: justify;\">Somente no ano passado, cerca de 30 reportes foram feitos ao \u00f3rg\u00e3o, que \u00e9 vinculado \u00e0 For\u00e7a A\u00e9rea Brasileira (FAB).<\/p>\n<p style=\"text-align: justify;\">Segundo os documentos disponibilizados, a maior parte dos registros foi feito na regi\u00e3o Sul do pa\u00eds, especialmente no Rio Grande do Sul e em Santa Catarina. Tamb\u00e9m foram disponibilizados\u00a0<a href=\"https:\/\/www.cnnbrasil.com.br\/nacional\/to-arrepiado-ouca-audios-de-pilotos-reportando-avistamento-de-ovnis-no-brasil\/\" target=\"_blank\" rel=\"noopener\">\u00e1udios de conversas de pilotos com controladores relatando avistamento de OVNIs.<\/a><\/p>\n<p style=\"text-align: justify;\">Em um dos relatos, protocolado no dia 7 de fevereiro do ano passado, o piloto de uma aeronave diz ter visto, por volta das 3h,\u00a0<strong>uma luz nas cores vermelho e verde em formato circular do tamanho de uma \u201cuma bola pequena a grande (variando)<\/strong>\u201c.<\/p>\n<p style=\"text-align: justify;\">Ele indicou que o objeto voava \u201c<strong>dez vezes mais r\u00e1pido que um avi\u00e3o comercial<\/strong>\u201c. O avistamento ocorreu em Navegantes, no litoral de Santa Catarina.<\/p>\n<aside class=\"read__too\">\n<div class=\"read__title\">\n<p style=\"text-align: justify;\">\u201cO piloto relatou que esta ocorr\u00eancia assemelha-se a outros epis\u00f3dios ocorridos em outubro de 2022 no mesmo setor e j\u00e1 reportados\u201d, diz o documento.<\/p>\n<p style=\"text-align: justify;\">No dia 20 de abril, um piloto comunicou ter visto um OVNI parado, por volta das 21h30, quando j\u00e1 se aproximava para pouso no aeroporto de Porto Alegre (RS). Segundo informou, o objeto tamb\u00e9m aumentava e diminu\u00eda e apresentava cor branca\/alaranjada.<\/p>\n<p style=\"text-align: justify;\">\u201cNesta semana, o observador relata ser o quarto dia que observa tal objeto\u201d, diz o registro do Cindacta.<\/p>\n<p style=\"text-align: justify;\">Outro profissional da avia\u00e7\u00e3o, que fazia um voo em dire\u00e7\u00e3o a Santa Catarina, relatou que, por volta das 2h do dia 21 de janeiro, quando sobrevoava a cidade paulista de Ilha Comprida, visualizou de quatro a cinco objetos com luzes brancas intermitentes e a longa dist\u00e2ncia. A velocidade, segundo ele, era \u201cmuito r\u00e1pida\u201d: \u201c<strong>No m\u00ednimo 8 mach [oito vezes a velocidade do som]<\/strong>\u201c.<\/p>\n<p style=\"text-align: justify;\">Os objetos, conforme reportado, faziam movimentos circulares \u201c<strong>por vezes formando um c\u00edrculo, aproximando e distanciando um do outro<\/strong>\u201c.<\/p>\n<p style=\"text-align: justify;\">\u201cO espanto foi em decorr\u00eancia de as luzes\/movimenta\u00e7\u00e3o dos objetos n\u00e3o corresponderem a um sat\u00e9lite, lixo espacial ou qualquer outro fen\u00f4meno conhecido\u201d, afirmou.<\/p>\n<p style=\"text-align: justify;\">Em 5 de fevereiro, um piloto de companhia a\u00e9rea que fazia um voo entre Belo Horizonte (MG) e Porto Alegre relatou que, na aproxima\u00e7\u00e3o ao aeroporto Salgado Filho, na capital ga\u00facha, viu de cinco a seis objetos cujos tamanhos, nas palavras dele, se aproximavam a far\u00f3is de aer\u00f3dromos.<\/p>\n<p style=\"text-align: justify;\">Ele relatou que o jato voava a cerca de 38 mil p\u00e9s de altitude (cerca de 11,6 mil metros) e que os OVNIs voavam \u201cum palmo e meio acima\u201d da aeronave a \u201ctr\u00eas ou quatro vezes a velocidade do som\u201d.<\/p>\n<p style=\"text-align: justify;\">Em abril, outro piloto de linha a\u00e9rea que fazia a rota Bras\u00edlia\/Marab\u00e1 (PA) disse que, perto da meia-noite, viu uma \u201cluz amarela esbranqui\u00e7ada, como se fosse um farol de pouso de avi\u00e3o, girando no sentido anti-hor\u00e1rio\u201d. O objeto \u201cestava acima do seu n\u00edvel de voo\u201d \u2013a 34 mil p\u00e9s.<\/p>\n<p style=\"text-align: justify;\">\u201cO observador conduzia a aeronave na rota Sinop [MT]-Campinas [SP], FL 390 [a 39 mil p\u00e9s] quando avistou o OVNI no seu horizonte, 20\u00ba acima. Segundo o observador, muito acima do FL 400 [n\u00edvel de 40 mil p\u00e9s].<\/p>\n<p style=\"text-align: justify;\"><strong>O objeto realizava movimentos circulares, tinha forma semelhante a uma estrela ou um farol<\/strong>, emitia luz branca e por vezes tinha cor de uma sombra avermelhada\u201d, diz outro relato.<\/p>\n<p style=\"text-align: justify;\">Um piloto que sobrevoava a cidade de Bel\u00e9m (PA) por volta das 6h40 do dia 23 de agosto disse que viu dois objetos estranhos em formato de uma estrela. Ao fazer o registro, disse que tentou filmar a situa\u00e7\u00e3o, mas que o objeto n\u00e3o apareceu nos v\u00eddeos ou nas fotos.<\/p>\n<p style=\"text-align: justify;\">A FAB informa que \u201ctodos os documentos, v\u00eddeos, fotografias, relatos, entre outros, dispon\u00edveis, no \u00e2mbito do Comando da Aeron\u00e1utica, sobre fen\u00f4menos a\u00e9reos n\u00e3o identificados, no per\u00edodo de 1952 a 2023, j\u00e1 foram transferidos para o Arquivo Nacional, onde s\u00e3o de dom\u00ednio p\u00fablico\u201d.<\/p>\n<p style=\"text-align: justify;\">\u201cEm complemento, o Comando da Aeron\u00e1utica informa que n\u00e3o realiza estudos e an\u00e1lises acerca do tema, apenas cataloga as informa\u00e7\u00f5es prestadas por terceiros e as remete, periodicamente, ao Arquivo Nacional\u201d, diz a FAB.<\/p>\n<p style=\"text-align: justify;\">A\u00a0<strong>CNN<\/strong>\u00a0procurou a Latam e a Azul, j\u00e1 que os pilotos de linhas a\u00e9reas que fizeram reportes ao Cindacta s\u00e3o dessas companhias.<\/p>\n<p style=\"text-align: justify;\">A Azul disse que seus tripulantes \u201cseguem os mais rigorosos protocolos de seguran\u00e7a\u201d e que \u201cqualquer eventualidade \u00e9 comunicada imediatamente ao controle de tr\u00e1fego a\u00e9reo e segue para investiga\u00e7\u00e3o das autoridades competentes\u201d.<\/p>\n<p style=\"text-align: justify;\">Em nota, a Latam informou que \u201cseus tripulantes s\u00e3o treinados e orientados a reportarem qualquer eventualidade de forma imediata ao controle de tr\u00e1fego a\u00e9reo para as devidas orienta\u00e7\u00f5es\u201d. A companhia disse tamb\u00e9m que \u201csegue os mais elevados padr\u00f5es de seguran\u00e7a, atendendo aos regulamentos das autoridades nacionais e internacionais\u201d.<\/p>\n<p style=\"text-align: justify;\"><em>Saiba\u00a0<a href=\"https:\/\/www.cnnbrasil.com.br\/nacional\/o-que-um-piloto-de-aviao-deve-fazer-ao-se-deparar-com-um-ovni-no-espaco-aereo-brasileiro-entenda\/\"><strong>aqui<\/strong><\/a>\u00a0como um piloto deve agir caso aviste um OVNI no espa\u00e7o a\u00e9reo brasileiro.<\/em><\/p>\n<p style=\"text-align: justify;\">fonte: CNN<\/p>\n<p style=\"text-align: justify;\">Veja mais not\u00edcias em: <a href=\"http:\/\/www.mspontocom.com.br\">www.mspontocom.com.br<\/a><\/p>\n<p style=\"text-align: justify;\">Nosso X (Twitter) @mspontocom<\/p>\n<\/div>\n<\/aside>\n","protected":false},"excerpt":{"rendered":"<p>O\u00a0Arquivo Nacional divulgou novos relatos feitos por pilotos brasileiros aos Centros Integrado de Defesa A\u00e9rea e Controle de Tr\u00e1fego A\u00e9reo (Cindactas) a respeito de avistamento de Objetos Voadores N\u00e3o Identificados (OVNIs). Somente no ano passado, cerca de 30 reportes foram feitos ao \u00f3rg\u00e3o, que \u00e9 vinculado \u00e0 For\u00e7a A\u00e9rea Brasileira (FAB). Segundo os documentos disponibilizados, [&hellip;]<\/p>\n","protected":false},"author":2,"featured_media":193088,"comment_status":"open","ping_status":"open","sticky":false,"template":"","format":"standard","meta":{"_monsterinsights_skip_tracking":false,"_monsterinsights_sitenote_active":false,"_monsterinsights_sitenote_note":"","_monsterinsights_sitenote_category":0},"categories":[7752],"tags":[30254,6599,13316,78,11610,1714,41729],"aioseo_notices":[],"_links":{"self":[{"href":"https:\/\/mspontocom.com.br\/site\/wp-json\/wp\/v2\/posts\/193079"}],"collection":[{"href":"https:\/\/mspontocom.com.br\/site\/wp-json\/wp\/v2\/posts"}],"about":[{"href":"https:\/\/mspontocom.com.br\/site\/wp-json\/wp\/v2\/types\/post"}],"author":[{"embeddable":true,"href":"https:\/\/mspontocom.com.br\/site\/wp-json\/wp\/v2\/users\/2"}],"replies":[{"embeddable":true,"href":"https:\/\/mspontocom.com.br\/site\/wp-json\/wp\/v2\/comments?post=193079"}],"version-history":[{"count":2,"href":"https:\/\/mspontocom.com.br\/site\/wp-json\/wp\/v2\/posts\/193079\/revisions"}],"predecessor-version":[{"id":193089,"href":"https:\/\/mspontocom.com.br\/site\/wp-json\/wp\/v2\/posts\/193079\/revisions\/193089"}],"wp:featuredmedia":[{"embeddable":true,"href":"https:\/\/mspontocom.com.br\/site\/wp-json\/wp\/v2\/media\/193088"}],"wp:attachment":[{"href":"https:\/\/mspontocom.com.br\/site\/wp-json\/wp\/v2\/media?parent=193079"}],"wp:term":[{"taxonomy":"category","embeddable":true,"href":"https:\/\/mspontocom.com.br\/site\/wp-json\/wp\/v2\/categories?post=193079"},{"taxonomy":"post_tag","embeddable":true,"href":"https:\/\/mspontocom.com.br\/site\/wp-json\/wp\/v2\/tags?post=193079"}],"curies":[{"name":"wp","href":"https:\/\/api.w.org\/{rel}","templated":true}]}}