{"id":193161,"date":"2024-08-20T04:33:36","date_gmt":"2024-08-20T08:33:36","guid":{"rendered":"https:\/\/mspontocom.com.br\/site\/?p=193161"},"modified":"2024-08-20T07:37:56","modified_gmt":"2024-08-20T11:37:56","slug":"unesp-promove-palestra-sobre-astronomia-gratuita-online-e-presencial","status":"publish","type":"post","link":"https:\/\/mspontocom.com.br\/site\/unesp-promove-palestra-sobre-astronomia-gratuita-online-e-presencial\/","title":{"rendered":"Unesp promove palestra sobre astronomia gratuita online e presencial"},"content":{"rendered":"<p><em><span><img loading=\"lazy\" class=\"alignnone size-full wp-image-193162\" src=\"https:\/\/mspontocom.com.br\/site\/wp-content\/uploads\/2024\/08\/site-unesp-promove-palestra-sobre-astronomia-gratuita-online-e-presencial-crater-arizona-eua.jpg\" alt=\"\" width=\"990\" height=\"660\" srcset=\"https:\/\/mspontocom.com.br\/site\/wp-content\/uploads\/2024\/08\/site-unesp-promove-palestra-sobre-astronomia-gratuita-online-e-presencial-crater-arizona-eua.jpg 990w, https:\/\/mspontocom.com.br\/site\/wp-content\/uploads\/2024\/08\/site-unesp-promove-palestra-sobre-astronomia-gratuita-online-e-presencial-crater-arizona-eua-260x173.jpg 260w, https:\/\/mspontocom.com.br\/site\/wp-content\/uploads\/2024\/08\/site-unesp-promove-palestra-sobre-astronomia-gratuita-online-e-presencial-crater-arizona-eua-768x512.jpg 768w\" sizes=\"(max-width: 990px) 100vw, 990px\" \/>Muitos astros do Sistema Solar possuem crateras: a Lua, Merc\u00fario, alguns sat\u00e9lites de J\u00fapiter, de Saturno, etc.<\/span><\/em><\/p>\n<p><em><span>H\u00e1 crateras na Terra? Onde est\u00e3o? Como se formaram?<\/span><\/em><\/p>\n<hr \/>\n<p><strong><span>20 de agosto |\u00a0<\/span><\/strong><strong><span>15h00 \u00e0s 17h00<\/span><\/strong><\/p>\n<p><span>Audit\u00f3rio do Observat\u00f3rio &#8211; IPMet | N\u00e3o \u00e9 necess\u00e1rio fazer inscri\u00e7\u00f5es<\/span><\/p>\n<p><span>A palestra ser\u00e1 transmitida on-line pelo\u00a0<\/span><a href=\"https:\/\/www.youtube.com\/live\/-JKFi2RowCo\" target=\"_blank\" rel=\"noopener\"><strong><span>canal do Observat\u00f3rio no Youtube<\/span><\/strong><\/a><\/p>\n<hr \/>\n<p><strong><span>Palestrante convidado:<\/span><\/strong><\/p>\n<p><strong><span>PROF. PAULO VARELLA<\/span><\/strong><\/p>\n<p><span>O Prof. Paulo Varella \u00e9 nosso CONVIDADO ESPECIAL ! Ele \u00e9 ge\u00f3logo pelo IGc-USP e p\u00f3s-graduado em Astronomia pela UNICSUL. Foi Professor e Especialista Astr\u00f3nomo do Planet\u00e1rio e Escola Municipal de Astrof\u00edsica de S\u00e3o Paulo no per\u00edodo de 1976 a 2015, onde foi respons\u00e1vel pelas aulas pr\u00e1ticas de Astronomia para o IAG-USP, IGc-USP, FAU-USP, Poli-USP e IF- USP no per\u00edodo de 1982 a 1999. Chefiou a Escola Municipal de Astrof\u00edsica de S\u00e3o Paulo no per\u00edodo de 1990 a 2002. \u00c9 professor convidado da Associa\u00e7\u00e3o Filos\u00f3fica Palas Athena desde 2006 e membro da Sociedade Astron\u00f4mica Brasileira (SAB) desde 1982 e Diretor do Observat\u00f3rio C\u00e9u Austral desde 1987.<\/span><\/p>\n","protected":false},"excerpt":{"rendered":"<p>Muitos astros do Sistema Solar possuem crateras: a Lua, Merc\u00fario, alguns sat\u00e9lites de J\u00fapiter, de Saturno, etc. H\u00e1 crateras na Terra? Onde est\u00e3o? Como se formaram? 20 de agosto |\u00a015h00 \u00e0s 17h00 Audit\u00f3rio do Observat\u00f3rio &#8211; IPMet | N\u00e3o \u00e9 necess\u00e1rio fazer inscri\u00e7\u00f5es A palestra ser\u00e1 transmitida on-line pelo\u00a0canal do Observat\u00f3rio no Youtube Palestrante convidado: [&hellip;]<\/p>\n","protected":false},"author":2,"featured_media":193162,"comment_status":"open","ping_status":"open","sticky":false,"template":"","format":"standard","meta":{"_monsterinsights_skip_tracking":false,"_monsterinsights_sitenote_active":false,"_monsterinsights_sitenote_note":"","_monsterinsights_sitenote_category":0},"categories":[7752],"tags":[4911,16738,215,13480],"aioseo_notices":[],"_links":{"self":[{"href":"https:\/\/mspontocom.com.br\/site\/wp-json\/wp\/v2\/posts\/193161"}],"collection":[{"href":"https:\/\/mspontocom.com.br\/site\/wp-json\/wp\/v2\/posts"}],"about":[{"href":"https:\/\/mspontocom.com.br\/site\/wp-json\/wp\/v2\/types\/post"}],"author":[{"embeddable":true,"href":"https:\/\/mspontocom.com.br\/site\/wp-json\/wp\/v2\/users\/2"}],"replies":[{"embeddable":true,"href":"https:\/\/mspontocom.com.br\/site\/wp-json\/wp\/v2\/comments?post=193161"}],"version-history":[{"count":1,"href":"https:\/\/mspontocom.com.br\/site\/wp-json\/wp\/v2\/posts\/193161\/revisions"}],"predecessor-version":[{"id":193163,"href":"https:\/\/mspontocom.com.br\/site\/wp-json\/wp\/v2\/posts\/193161\/revisions\/193163"}],"wp:featuredmedia":[{"embeddable":true,"href":"https:\/\/mspontocom.com.br\/site\/wp-json\/wp\/v2\/media\/193162"}],"wp:attachment":[{"href":"https:\/\/mspontocom.com.br\/site\/wp-json\/wp\/v2\/media?parent=193161"}],"wp:term":[{"taxonomy":"category","embeddable":true,"href":"https:\/\/mspontocom.com.br\/site\/wp-json\/wp\/v2\/categories?post=193161"},{"taxonomy":"post_tag","embeddable":true,"href":"https:\/\/mspontocom.com.br\/site\/wp-json\/wp\/v2\/tags?post=193161"}],"curies":[{"name":"wp","href":"https:\/\/api.w.org\/{rel}","templated":true}]}}