{"id":193381,"date":"2024-08-29T07:46:51","date_gmt":"2024-08-29T11:46:51","guid":{"rendered":"https:\/\/mspontocom.com.br\/site\/?p=193381"},"modified":"2024-08-29T07:46:51","modified_gmt":"2024-08-29T11:46:51","slug":"maduro-insiste-em-lembrar-eleicao-de-lula-em-2022","status":"publish","type":"post","link":"https:\/\/mspontocom.com.br\/site\/maduro-insiste-em-lembrar-eleicao-de-lula-em-2022\/","title":{"rendered":"Maduro insiste em lembrar elei\u00e7\u00e3o de Lula em 2022"},"content":{"rendered":"<p style=\"text-align: justify;\"><img loading=\"lazy\" class=\"alignnone size-full wp-image-193392\" src=\"https:\/\/mspontocom.com.br\/site\/wp-content\/uploads\/2024\/08\/site-maduro-insiste-em-lembrar-eleicao-de-lula-em-2022-misterio-e1679969446687.jpg\" alt=\"\" width=\"1024\" height=\"768\" srcset=\"https:\/\/mspontocom.com.br\/site\/wp-content\/uploads\/2024\/08\/site-maduro-insiste-em-lembrar-eleicao-de-lula-em-2022-misterio-e1679969446687.jpg 1024w, https:\/\/mspontocom.com.br\/site\/wp-content\/uploads\/2024\/08\/site-maduro-insiste-em-lembrar-eleicao-de-lula-em-2022-misterio-e1679969446687-260x195.jpg 260w, https:\/\/mspontocom.com.br\/site\/wp-content\/uploads\/2024\/08\/site-maduro-insiste-em-lembrar-eleicao-de-lula-em-2022-misterio-e1679969446687-768x576.jpg 768w\" sizes=\"(max-width: 1024px) 100vw, 1024px\" \/>O presidente da Venezuela, Nicol\u00e1s Maduro\u00a0 disse na 4\u00aa feira (28.ago.2024) que \u201cos gringos n\u00e3o t\u00eam moral para se meter nos assuntos eleitorais nem pol\u00edticos\u201d do pa\u00eds.<\/p>\n<p style=\"text-align: justify;\">\u00a0Maduro afirmou que, em 2022, a Venezuela \u201cn\u00e3o fez comunicado\u201d e deixou que o Brasil resolvesse \u201cseus problemas internamente\u201d.<\/p>\n<p style=\"text-align: justify;\">As falas foram feitas em evento que marcou um m\u00eas da elei\u00e7\u00e3o de 28 de julho.<\/p>\n<p style=\"text-align: justify;\">O CNE (Conselho Nacional Eleitoral) declarou Maduro foi reeleito, mas n\u00e3o divulgou as atas eleitorais (boletins de urna).<\/p>\n<p style=\"text-align: justify;\">Maduro usou as elei\u00e7\u00f5es no Brasil em 2022 e a derrota de Jair Bolsonaro (PL) para comentar a situa\u00e7\u00e3o.<\/p>\n<p style=\"text-align: justify;\"><em><span style=\"font-size: 14pt;\">\u201cTeve elei\u00e7\u00f5es e Bolsonaro n\u00e3o reconheceu os resultados, houve recurso ao \u2018Tribunal Supremo\u2019.\u00a0 O \u2018Tribunal Supremo\u2019 do Brasil decidiu que os resultados eleitorais deram a vit\u00f3ria a Lula.<\/span> <strong>Santa palavra do Brasil<\/strong>.&#8221;<\/em> , disse Maduro.<\/p>\n","protected":false},"excerpt":{"rendered":"<p>O presidente da Venezuela, Nicol\u00e1s Maduro\u00a0 disse na 4\u00aa feira (28.ago.2024) que \u201cos gringos n\u00e3o t\u00eam moral para se meter nos assuntos eleitorais nem pol\u00edticos\u201d do pa\u00eds. \u00a0Maduro afirmou que, em 2022, a Venezuela \u201cn\u00e3o fez comunicado\u201d e deixou que o Brasil resolvesse \u201cseus problemas internamente\u201d. As falas foram feitas em evento que marcou um [&hellip;]<\/p>\n","protected":false},"author":2,"featured_media":193392,"comment_status":"open","ping_status":"open","sticky":false,"template":"","format":"standard","meta":{"_monsterinsights_skip_tracking":false,"_monsterinsights_sitenote_active":false,"_monsterinsights_sitenote_note":"","_monsterinsights_sitenote_category":0},"categories":[6,30260,7,30259,12],"tags":[33214,479,41791,480,29082],"aioseo_notices":[],"_links":{"self":[{"href":"https:\/\/mspontocom.com.br\/site\/wp-json\/wp\/v2\/posts\/193381"}],"collection":[{"href":"https:\/\/mspontocom.com.br\/site\/wp-json\/wp\/v2\/posts"}],"about":[{"href":"https:\/\/mspontocom.com.br\/site\/wp-json\/wp\/v2\/types\/post"}],"author":[{"embeddable":true,"href":"https:\/\/mspontocom.com.br\/site\/wp-json\/wp\/v2\/users\/2"}],"replies":[{"embeddable":true,"href":"https:\/\/mspontocom.com.br\/site\/wp-json\/wp\/v2\/comments?post=193381"}],"version-history":[{"count":2,"href":"https:\/\/mspontocom.com.br\/site\/wp-json\/wp\/v2\/posts\/193381\/revisions"}],"predecessor-version":[{"id":193393,"href":"https:\/\/mspontocom.com.br\/site\/wp-json\/wp\/v2\/posts\/193381\/revisions\/193393"}],"wp:featuredmedia":[{"embeddable":true,"href":"https:\/\/mspontocom.com.br\/site\/wp-json\/wp\/v2\/media\/193392"}],"wp:attachment":[{"href":"https:\/\/mspontocom.com.br\/site\/wp-json\/wp\/v2\/media?parent=193381"}],"wp:term":[{"taxonomy":"category","embeddable":true,"href":"https:\/\/mspontocom.com.br\/site\/wp-json\/wp\/v2\/categories?post=193381"},{"taxonomy":"post_tag","embeddable":true,"href":"https:\/\/mspontocom.com.br\/site\/wp-json\/wp\/v2\/tags?post=193381"}],"curies":[{"name":"wp","href":"https:\/\/api.w.org\/{rel}","templated":true}]}}