{"id":193401,"date":"2024-08-29T04:40:38","date_gmt":"2024-08-29T08:40:38","guid":{"rendered":"https:\/\/mspontocom.com.br\/site\/?p=193401"},"modified":"2024-08-29T13:06:32","modified_gmt":"2024-08-29T17:06:32","slug":"msgas-abre-inscricao-para-selecionar-projetos-sociais","status":"publish","type":"post","link":"https:\/\/mspontocom.com.br\/site\/msgas-abre-inscricao-para-selecionar-projetos-sociais\/","title":{"rendered":"MSG\u00c1S abre inscri\u00e7\u00e3o para selecionar projetos sociais"},"content":{"rendered":"<p style=\"text-align: justify;\"><img loading=\"lazy\" class=\"alignnone size-full wp-image-193403\" src=\"https:\/\/mspontocom.com.br\/site\/wp-content\/uploads\/2024\/08\/site-msgas-abre-inscricao-para-selecionar-projetos-sociais-msgas.jpg\" alt=\"\" width=\"1200\" height=\"628\" srcset=\"https:\/\/mspontocom.com.br\/site\/wp-content\/uploads\/2024\/08\/site-msgas-abre-inscricao-para-selecionar-projetos-sociais-msgas.jpg 1200w, https:\/\/mspontocom.com.br\/site\/wp-content\/uploads\/2024\/08\/site-msgas-abre-inscricao-para-selecionar-projetos-sociais-msgas-260x136.jpg 260w, https:\/\/mspontocom.com.br\/site\/wp-content\/uploads\/2024\/08\/site-msgas-abre-inscricao-para-selecionar-projetos-sociais-msgas-1024x536.jpg 1024w, https:\/\/mspontocom.com.br\/site\/wp-content\/uploads\/2024\/08\/site-msgas-abre-inscricao-para-selecionar-projetos-sociais-msgas-768x402.jpg 768w\" sizes=\"(max-width: 1200px) 100vw, 1200px\" \/>A MSG\u00c1S lan\u00e7ou edital de chamada p\u00fablica para sele\u00e7\u00e3o de projetos sociais a serem financiados por meio de incentivos fiscais.<\/p>\n<p style=\"text-align: justify;\">As propostas devem ser inscritas\u00a0 at\u00e9 15 de setembro.<\/p>\n<p style=\"text-align: justify;\">A an\u00e1lise dos projetos ser\u00e1 feita at\u00e9 10 de outubro.<\/p>\n<p style=\"text-align: justify;\">Para concorrer aos incentivos fiscais, as entidades, institui\u00e7\u00f5es e organiza\u00e7\u00f5es sociais devem apresentar propostas que comprovem seu alcance e sejam capazes de promover a inclus\u00e3o social por meio de atividades art\u00edsticos e culturais, como a m\u00fasica, teatro, dan\u00e7a e cinema.<\/p>\n<p style=\"text-align: justify;\">Possam ampliar oportunidades e garantir acolhimento e assist\u00eancia aos idosos e crian\u00e7as e adolescentes com defici\u00eancia e em situa\u00e7\u00e3o de vulnerabilidade; democratizem o acesso ao esporte e lazer, al\u00e9m de garantir seguran\u00e7a alimentar e nutricional.<\/p>\n<p style=\"text-align: justify;\">Para a escolha dos projetos a MSG\u00c1S segue ao menos quatro princ\u00edpios: materialidade dos objetivos e alcance social, acesso democr\u00e1tico, transpar\u00eancia no processo de sele\u00e7\u00e3o e acompanhamento para o \u00eaxito das a\u00e7\u00f5es.<\/p>\n<p style=\"text-align: justify;\">A inscri\u00e7\u00e3o no programa de incentivos \u00e9 gratuita e n\u00e3o h\u00e1 limita\u00e7\u00e3o para apresenta\u00e7\u00e3o de projetos, e deve ser feita exclusivamente pela internet, em endere\u00e7o eletr\u00f4nico disponibilizado pela Companhia.<\/p>\n<p style=\"text-align: justify;\">Os proponentes devem observar no edital os crit\u00e9rios e documenta\u00e7\u00e3o necess\u00e1ria.<\/p>\n<p style=\"text-align: justify;\">LINK DO EDITAL:<br \/>\n<a href=\"https:\/\/www.msgas.com.br\/wp-content\/uploads\/2024\/08\/Edital-Chamada-Publica-Selecao-de-Projetos.pdf\">https:\/\/www.msgas.com.br\/wp-content\/uploads\/2024\/08\/Edital-Chamada-Publica-Selecao-de-Projetos.pdf<\/a><\/p>\n<p style=\"text-align: justify;\">FORMUL\u00c1RIO DE INSCRI\u00c7\u00c3O:<br \/>\n<a href=\"https:\/\/fluig.msgas.com.br\/portal\/1\/inscricao_patrocinio\">https:\/\/fluig.msgas.com.br\/portal\/1\/inscricao_patrocinio<\/a><\/p>\n<p style=\"text-align: justify;\"><em>fonte: Comunica\u00e7\u00e3o MSG\u00c1S<\/em><\/p>\n<p style=\"text-align: justify;\">Veja mais not\u00edcias em: <a href=\"http:\/\/www.mspontocom.com.br\">www.mspontocom.com.br<\/a><\/p>\n<p style=\"text-align: justify;\">Nosso X (Twitter) e Instagram :\u00a0 @mspontocom<\/p>\n","protected":false},"excerpt":{"rendered":"<p>A MSG\u00c1S lan\u00e7ou edital de chamada p\u00fablica para sele\u00e7\u00e3o de projetos sociais a serem financiados por meio de incentivos fiscais. As propostas devem ser inscritas\u00a0 at\u00e9 15 de setembro. A an\u00e1lise dos projetos ser\u00e1 feita at\u00e9 10 de outubro. Para concorrer aos incentivos fiscais, as entidades, institui\u00e7\u00f5es e organiza\u00e7\u00f5es sociais devem apresentar propostas que comprovem [&hellip;]<\/p>\n","protected":false},"author":2,"featured_media":193403,"comment_status":"open","ping_status":"open","sticky":false,"template":"","format":"standard","meta":{"_monsterinsights_skip_tracking":false,"_monsterinsights_sitenote_active":false,"_monsterinsights_sitenote_note":"","_monsterinsights_sitenote_category":0},"categories":[74],"tags":[455,22291,3655],"aioseo_notices":[],"_links":{"self":[{"href":"https:\/\/mspontocom.com.br\/site\/wp-json\/wp\/v2\/posts\/193401"}],"collection":[{"href":"https:\/\/mspontocom.com.br\/site\/wp-json\/wp\/v2\/posts"}],"about":[{"href":"https:\/\/mspontocom.com.br\/site\/wp-json\/wp\/v2\/types\/post"}],"author":[{"embeddable":true,"href":"https:\/\/mspontocom.com.br\/site\/wp-json\/wp\/v2\/users\/2"}],"replies":[{"embeddable":true,"href":"https:\/\/mspontocom.com.br\/site\/wp-json\/wp\/v2\/comments?post=193401"}],"version-history":[{"count":2,"href":"https:\/\/mspontocom.com.br\/site\/wp-json\/wp\/v2\/posts\/193401\/revisions"}],"predecessor-version":[{"id":193404,"href":"https:\/\/mspontocom.com.br\/site\/wp-json\/wp\/v2\/posts\/193401\/revisions\/193404"}],"wp:featuredmedia":[{"embeddable":true,"href":"https:\/\/mspontocom.com.br\/site\/wp-json\/wp\/v2\/media\/193403"}],"wp:attachment":[{"href":"https:\/\/mspontocom.com.br\/site\/wp-json\/wp\/v2\/media?parent=193401"}],"wp:term":[{"taxonomy":"category","embeddable":true,"href":"https:\/\/mspontocom.com.br\/site\/wp-json\/wp\/v2\/categories?post=193401"},{"taxonomy":"post_tag","embeddable":true,"href":"https:\/\/mspontocom.com.br\/site\/wp-json\/wp\/v2\/tags?post=193401"}],"curies":[{"name":"wp","href":"https:\/\/api.w.org\/{rel}","templated":true}]}}