{"id":193520,"date":"2024-09-04T06:20:02","date_gmt":"2024-09-04T10:20:02","guid":{"rendered":"https:\/\/mspontocom.com.br\/site\/?p=193520"},"modified":"2024-09-04T06:45:30","modified_gmt":"2024-09-04T10:45:30","slug":"x-moro-quer-audiencia-publica-para-debater-decisoes-de-moraes","status":"publish","type":"post","link":"https:\/\/mspontocom.com.br\/site\/x-moro-quer-audiencia-publica-para-debater-decisoes-de-moraes\/","title":{"rendered":"X: Moro quer audi\u00eancia p\u00fablica para debater decis\u00f5es de Moraes"},"content":{"rendered":"<p style=\"text-align: justify;\"><img loading=\"lazy\" class=\"alignnone size-full wp-image-193535\" src=\"https:\/\/mspontocom.com.br\/site\/wp-content\/uploads\/2024\/09\/site-x-moro-quer-audiencia-publica-sobre-decisoes-de-moraes-moro-ale.jpeg\" alt=\"\" width=\"1300\" height=\"691\" srcset=\"https:\/\/mspontocom.com.br\/site\/wp-content\/uploads\/2024\/09\/site-x-moro-quer-audiencia-publica-sobre-decisoes-de-moraes-moro-ale.jpeg 1300w, https:\/\/mspontocom.com.br\/site\/wp-content\/uploads\/2024\/09\/site-x-moro-quer-audiencia-publica-sobre-decisoes-de-moraes-moro-ale-260x138.jpeg 260w, https:\/\/mspontocom.com.br\/site\/wp-content\/uploads\/2024\/09\/site-x-moro-quer-audiencia-publica-sobre-decisoes-de-moraes-moro-ale-1024x544.jpeg 1024w, https:\/\/mspontocom.com.br\/site\/wp-content\/uploads\/2024\/09\/site-x-moro-quer-audiencia-publica-sobre-decisoes-de-moraes-moro-ale-768x408.jpeg 768w\" sizes=\"(max-width: 1300px) 100vw, 1300px\" \/>A Comiss\u00e3o de Assuntos Econ\u00f4micos do Senado Federal aprovou, nesta ter\u00e7a-feira, requerimento de autoria do senador<strong> Sergio Moro<\/strong> para realiza\u00e7\u00e3o de<strong> audi\u00eancia p\u00fablica.<\/strong><\/p>\n<p style=\"text-align: justify;\">O objetivo \u00e9 debater os impactos econ\u00f4micos consequentes da decis\u00e3o do ministro <strong>Alexandre de Moraes<\/strong> STF em suspender a utiliza\u00e7\u00e3o do X e o bloqueio das contas da Starlink no Brasil.<\/p>\n<p style=\"text-align: justify;\">O parlamentar argumenta que a proibi\u00e7\u00e3o da utiliza\u00e7\u00e3o da rede social implica repercuss\u00f5es financeiras para cidad\u00e3os e empresas brasileiras, impactando diretamente a viabilidade de neg\u00f3cios no pa\u00eds.<\/p>\n<p style=\"text-align: justify;\">Para debater a ordem judicial que afeta economicamente mais de 22 milh\u00f5es de brasileiros usu\u00e1rios da plataforma, Moro sugeriu a participa\u00e7\u00e3o de representante da Starlink no Brasil; representante da C\u00e2mara de Com\u00e9rcio Brasil-US; e o escritor e colunista da Revista VEJA Fernando Schuler.<\/p>\n<p style=\"text-align: justify;\">Continue em nossa companhia. Veja mais not\u00edcias em: <a href=\"http:\/\/www.mspontocom.com.br\">www.mspontocom.com.br<\/a><\/p>\n<p style=\"text-align: justify;\">Instagram :\u00a0 @mspontocom<\/p>\n","protected":false},"excerpt":{"rendered":"<p>A Comiss\u00e3o de Assuntos Econ\u00f4micos do Senado Federal aprovou, nesta ter\u00e7a-feira, requerimento de autoria do senador Sergio Moro para realiza\u00e7\u00e3o de audi\u00eancia p\u00fablica. O objetivo \u00e9 debater os impactos econ\u00f4micos consequentes da decis\u00e3o do ministro Alexandre de Moraes STF em suspender a utiliza\u00e7\u00e3o do X e o bloqueio das contas da Starlink no Brasil. O [&hellip;]<\/p>\n","protected":false},"author":2,"featured_media":193535,"comment_status":"open","ping_status":"open","sticky":false,"template":"","format":"standard","meta":{"_monsterinsights_skip_tracking":false,"_monsterinsights_sitenote_active":false,"_monsterinsights_sitenote_note":"","_monsterinsights_sitenote_category":0},"categories":[2528,12],"tags":[1851,30516,35247,23158,40147],"aioseo_notices":[],"_links":{"self":[{"href":"https:\/\/mspontocom.com.br\/site\/wp-json\/wp\/v2\/posts\/193520"}],"collection":[{"href":"https:\/\/mspontocom.com.br\/site\/wp-json\/wp\/v2\/posts"}],"about":[{"href":"https:\/\/mspontocom.com.br\/site\/wp-json\/wp\/v2\/types\/post"}],"author":[{"embeddable":true,"href":"https:\/\/mspontocom.com.br\/site\/wp-json\/wp\/v2\/users\/2"}],"replies":[{"embeddable":true,"href":"https:\/\/mspontocom.com.br\/site\/wp-json\/wp\/v2\/comments?post=193520"}],"version-history":[{"count":3,"href":"https:\/\/mspontocom.com.br\/site\/wp-json\/wp\/v2\/posts\/193520\/revisions"}],"predecessor-version":[{"id":193545,"href":"https:\/\/mspontocom.com.br\/site\/wp-json\/wp\/v2\/posts\/193520\/revisions\/193545"}],"wp:featuredmedia":[{"embeddable":true,"href":"https:\/\/mspontocom.com.br\/site\/wp-json\/wp\/v2\/media\/193535"}],"wp:attachment":[{"href":"https:\/\/mspontocom.com.br\/site\/wp-json\/wp\/v2\/media?parent=193520"}],"wp:term":[{"taxonomy":"category","embeddable":true,"href":"https:\/\/mspontocom.com.br\/site\/wp-json\/wp\/v2\/categories?post=193520"},{"taxonomy":"post_tag","embeddable":true,"href":"https:\/\/mspontocom.com.br\/site\/wp-json\/wp\/v2\/tags?post=193520"}],"curies":[{"name":"wp","href":"https:\/\/api.w.org\/{rel}","templated":true}]}}