{"id":193580,"date":"2024-09-06T05:57:10","date_gmt":"2024-09-06T09:57:10","guid":{"rendered":"https:\/\/mspontocom.com.br\/site\/?p=193580"},"modified":"2024-09-06T05:57:10","modified_gmt":"2024-09-06T09:57:10","slug":"bolsonaro-diz-que-pacheco-e-uma-vergonha-por-nao-abrir-impeachment-de-moraes","status":"publish","type":"post","link":"https:\/\/mspontocom.com.br\/site\/bolsonaro-diz-que-pacheco-e-uma-vergonha-por-nao-abrir-impeachment-de-moraes\/","title":{"rendered":"Bolsonaro diz que Pacheco \u00e9 uma \u201cvergonha\u201d por n\u00e3o abrir impeachment de Moraes"},"content":{"rendered":"<p style=\"text-align: justify;\"><img loading=\"lazy\" class=\"alignnone size-full wp-image-193589\" src=\"https:\/\/mspontocom.com.br\/site\/wp-content\/uploads\/2024\/09\/site-bolsonaro-diz-que-pacheco-e-uma-vergonha-por-nao-abrir-impeachment-de-moraes-pacheco1.jpg\" alt=\"\" width=\"800\" height=\"555\" srcset=\"https:\/\/mspontocom.com.br\/site\/wp-content\/uploads\/2024\/09\/site-bolsonaro-diz-que-pacheco-e-uma-vergonha-por-nao-abrir-impeachment-de-moraes-pacheco1.jpg 800w, https:\/\/mspontocom.com.br\/site\/wp-content\/uploads\/2024\/09\/site-bolsonaro-diz-que-pacheco-e-uma-vergonha-por-nao-abrir-impeachment-de-moraes-pacheco1-260x180.jpg 260w, https:\/\/mspontocom.com.br\/site\/wp-content\/uploads\/2024\/09\/site-bolsonaro-diz-que-pacheco-e-uma-vergonha-por-nao-abrir-impeachment-de-moraes-pacheco1-768x533.jpg 768w\" sizes=\"(max-width: 800px) 100vw, 800px\" \/>O ex-presidente <strong>Jair Bolsonaro<\/strong> (PL) criticou\u00a0 a suspens\u00e3o do X por ordem do ministro do STF <strong>Alexandre de Moraes. <\/strong><\/p>\n<p style=\"text-align: justify;\">Em meio a press\u00e3o pelo impeachment do magistrado, Bolsonaro disse que o pa\u00eds n\u00e3o pode contar com o atual presidente do Senado, <strong>Rodrigo Pacheco<\/strong> (PSD-MG).<\/p>\n<section class=\"container\">\n<article id=\"\" class=\"tpl-post\">\n<div id=\"tp-post-content\" class=\"md-post-content\">\n<div id=\"paywall-google\" class=\"article-body paywall-google col-8\">\n<div class=\"wrapper\">\n<p style=\"text-align: justify;\" tabindex=\"0\">Cabe ao presidente do Senado analisar pedidos de impedimento contra ministros da Corte.<\/p>\n<p style=\"text-align: justify;\" tabindex=\"0\">Bolsonaro afirmou que <strong>Pacheco \u00e9 \u201cuma vergonha em todos os aspectos<\/strong>, uma pessoa que n\u00e3o est\u00e1 preocupada com o Brasil e sim consigo pr\u00f3prio\u201d.<\/p>\n<p style=\"text-align: justify;\" tabindex=\"0\"><span style=\"font-size: 14pt;\"><em>&#8221; O atual presidente do Senado \u00e9 uma vergonha em todos os aspectos, uma pessoa que n\u00e3o est\u00e1 preocupada com o Brasil, e sim consigo pr\u00f3prio\u201d<\/em><\/span>, disse Bolsonaro a jornalistas.<\/p>\n<p style=\"text-align: justify;\">Continue em nossa companhia. Veja mais not\u00edcias em: <a href=\"http:\/\/www.mspontocom.com.br\">www.mspontocom.com.br<\/a><\/p>\n<p>Instagram :\u00a0 @mspontocom<\/p>\n<div class=\"c-view-more\" data-event-notes=\"veja-tambem\" data-tracker-view=\"true\" data-mrf-recirculation=\"Post - Veja tamb\u00e9m\"><\/div>\n<\/div>\n<\/div>\n<\/div>\n<\/article>\n<\/section>\n<div class=\"fixed-footer\">\n<div class=\"c-ads ads-desktop ads-stick-footer\">\n<div id=\"d-pos-footer-1\"><\/div>\n<\/div>\n<\/div>\n","protected":false},"excerpt":{"rendered":"<p>O ex-presidente Jair Bolsonaro (PL) criticou\u00a0 a suspens\u00e3o do X por ordem do ministro do STF Alexandre de Moraes. Em meio a press\u00e3o pelo impeachment do magistrado, Bolsonaro disse que o pa\u00eds n\u00e3o pode contar com o atual presidente do Senado, Rodrigo Pacheco (PSD-MG). Cabe ao presidente do Senado analisar pedidos de impedimento contra ministros [&hellip;]<\/p>\n","protected":false},"author":2,"featured_media":193589,"comment_status":"open","ping_status":"open","sticky":false,"template":"","format":"standard","meta":{"_monsterinsights_skip_tracking":false,"_monsterinsights_sitenote_active":false,"_monsterinsights_sitenote_note":"","_monsterinsights_sitenote_category":0},"categories":[6,30260,2528,30259,12],"tags":[21017,5441,35247,36963,41828],"aioseo_notices":[],"_links":{"self":[{"href":"https:\/\/mspontocom.com.br\/site\/wp-json\/wp\/v2\/posts\/193580"}],"collection":[{"href":"https:\/\/mspontocom.com.br\/site\/wp-json\/wp\/v2\/posts"}],"about":[{"href":"https:\/\/mspontocom.com.br\/site\/wp-json\/wp\/v2\/types\/post"}],"author":[{"embeddable":true,"href":"https:\/\/mspontocom.com.br\/site\/wp-json\/wp\/v2\/users\/2"}],"replies":[{"embeddable":true,"href":"https:\/\/mspontocom.com.br\/site\/wp-json\/wp\/v2\/comments?post=193580"}],"version-history":[{"count":2,"href":"https:\/\/mspontocom.com.br\/site\/wp-json\/wp\/v2\/posts\/193580\/revisions"}],"predecessor-version":[{"id":193590,"href":"https:\/\/mspontocom.com.br\/site\/wp-json\/wp\/v2\/posts\/193580\/revisions\/193590"}],"wp:featuredmedia":[{"embeddable":true,"href":"https:\/\/mspontocom.com.br\/site\/wp-json\/wp\/v2\/media\/193589"}],"wp:attachment":[{"href":"https:\/\/mspontocom.com.br\/site\/wp-json\/wp\/v2\/media?parent=193580"}],"wp:term":[{"taxonomy":"category","embeddable":true,"href":"https:\/\/mspontocom.com.br\/site\/wp-json\/wp\/v2\/categories?post=193580"},{"taxonomy":"post_tag","embeddable":true,"href":"https:\/\/mspontocom.com.br\/site\/wp-json\/wp\/v2\/tags?post=193580"}],"curies":[{"name":"wp","href":"https:\/\/api.w.org\/{rel}","templated":true}]}}