{"id":193606,"date":"2024-09-07T06:52:07","date_gmt":"2024-09-07T10:52:07","guid":{"rendered":"https:\/\/mspontocom.com.br\/site\/?p=193606"},"modified":"2024-09-07T06:52:07","modified_gmt":"2024-09-07T10:52:07","slug":"lula-soube-do-assedio-sexual-em-2023-mas-demorou-a-agir","status":"publish","type":"post","link":"https:\/\/mspontocom.com.br\/site\/lula-soube-do-assedio-sexual-em-2023-mas-demorou-a-agir\/","title":{"rendered":"Lula soube do ass\u00e9dio sexual em 2023, mas demorou a agir"},"content":{"rendered":"<p style=\"text-align: justify;\"><img loading=\"lazy\" class=\"alignnone size-full wp-image-193617\" src=\"https:\/\/mspontocom.com.br\/site\/wp-content\/uploads\/2024\/09\/site-lula-soube-do-assedio-em-2023-mas-demorou-a-agir-silvio.webp\" alt=\"\" width=\"960\" height=\"640\" srcset=\"https:\/\/mspontocom.com.br\/site\/wp-content\/uploads\/2024\/09\/site-lula-soube-do-assedio-em-2023-mas-demorou-a-agir-silvio.webp 960w, https:\/\/mspontocom.com.br\/site\/wp-content\/uploads\/2024\/09\/site-lula-soube-do-assedio-em-2023-mas-demorou-a-agir-silvio-260x173.webp 260w, https:\/\/mspontocom.com.br\/site\/wp-content\/uploads\/2024\/09\/site-lula-soube-do-assedio-em-2023-mas-demorou-a-agir-silvio-768x512.webp 768w\" sizes=\"(max-width: 960px) 100vw, 960px\" \/>A demora do governo de reagir ao esc\u00e2ndalo sexual envolvendo o ex-ministro Silvio Almeida (Direitos Humanos) pode render ao presidente at\u00e9 acusa\u00e7\u00e3o de crime de prevarica\u00e7\u00e3o, dizem opositores.<\/p>\n<p style=\"text-align: justify;\">O Planalto sabe de tudo desde 2023, segundo fontes do governo e o pr\u00f3prio Lula (PT) admitiu\u00a0 durante entrevista.<\/p>\n<p style=\"text-align: justify;\">S\u00f3 agiu ap\u00f3s o vazamento da importuna\u00e7\u00e3o sexual que vitimou at\u00e9 ministra de Estado, crime federal.<\/p>\n<div class=\"notas\">\n<div id=\"Nota-2\" class=\"entry-block ch-nota Nota-2\" style=\"text-align: justify;\">\n<h3>Movida pela not\u00edcia<\/h3>\n<\/div>\n<p style=\"text-align: justify;\">A Comiss\u00e3o de \u00c9tica, que virou caricatura sob a tutela de Lula, s\u00f3 agiu empurrada pelo esc\u00e2ndalo, e a Pol\u00edcia Federal resolveu abrir inqu\u00e9rito.<\/p>\n<div id=\"Nota-3\" class=\"entry-block ch-nota Nota-3\" style=\"text-align: justify;\">\n<h3>Perigo ambulante<\/h3>\n<\/div>\n<p style=\"text-align: justify;\">Outras acusam o ex-ministro de importuna\u00e7\u00e3o sexual, como a professora Isabel Rodrigues, que gravou v\u00eddeo corajoso expondo o ataque sofrido.<\/p>\n<div id=\"Nota-4\" class=\"entry-block ch-nota Nota-4\" style=\"text-align: justify;\">\n<h3>Aviso pr\u00e9vio<\/h3>\n<\/div>\n<p style=\"text-align: justify;\">Foto de Janja com Anielle foi vista como aviso pr\u00e9vio da demiss\u00e3o. Mas a primeira-dama n\u00e3o postou uma palavra sequer de cr\u00edtica ao ex-ministro.<\/p>\n<div id=\"Nota-5\" class=\"entry-block ch-nota Nota-5\" style=\"text-align: justify;\">\n<h3>Casa de ferreiro<\/h3>\n<\/div>\n<p style=\"text-align: justify;\">Lula e Janja t\u00eam dificuldades de condenar casos assim, como quando um dos filhos do presidente foi acusado de espancar a ex-mulher.<\/p>\n<p>fonte: Coluna Claudio Humberto, Di\u00e1rio do Poder<\/p>\n<\/div>\n","protected":false},"excerpt":{"rendered":"<p>A demora do governo de reagir ao esc\u00e2ndalo sexual envolvendo o ex-ministro Silvio Almeida (Direitos Humanos) pode render ao presidente at\u00e9 acusa\u00e7\u00e3o de crime de prevarica\u00e7\u00e3o, dizem opositores. O Planalto sabe de tudo desde 2023, segundo fontes do governo e o pr\u00f3prio Lula (PT) admitiu\u00a0 durante entrevista. S\u00f3 agiu ap\u00f3s o vazamento da importuna\u00e7\u00e3o sexual [&hellip;]<\/p>\n","protected":false},"author":2,"featured_media":193617,"comment_status":"open","ping_status":"open","sticky":false,"template":"","format":"standard","meta":{"_monsterinsights_skip_tracking":false,"_monsterinsights_sitenote_active":false,"_monsterinsights_sitenote_note":"","_monsterinsights_sitenote_category":0},"categories":[6,30260,30259,12],"tags":[38226,38129,41835,480],"aioseo_notices":[],"_links":{"self":[{"href":"https:\/\/mspontocom.com.br\/site\/wp-json\/wp\/v2\/posts\/193606"}],"collection":[{"href":"https:\/\/mspontocom.com.br\/site\/wp-json\/wp\/v2\/posts"}],"about":[{"href":"https:\/\/mspontocom.com.br\/site\/wp-json\/wp\/v2\/types\/post"}],"author":[{"embeddable":true,"href":"https:\/\/mspontocom.com.br\/site\/wp-json\/wp\/v2\/users\/2"}],"replies":[{"embeddable":true,"href":"https:\/\/mspontocom.com.br\/site\/wp-json\/wp\/v2\/comments?post=193606"}],"version-history":[{"count":2,"href":"https:\/\/mspontocom.com.br\/site\/wp-json\/wp\/v2\/posts\/193606\/revisions"}],"predecessor-version":[{"id":193618,"href":"https:\/\/mspontocom.com.br\/site\/wp-json\/wp\/v2\/posts\/193606\/revisions\/193618"}],"wp:featuredmedia":[{"embeddable":true,"href":"https:\/\/mspontocom.com.br\/site\/wp-json\/wp\/v2\/media\/193617"}],"wp:attachment":[{"href":"https:\/\/mspontocom.com.br\/site\/wp-json\/wp\/v2\/media?parent=193606"}],"wp:term":[{"taxonomy":"category","embeddable":true,"href":"https:\/\/mspontocom.com.br\/site\/wp-json\/wp\/v2\/categories?post=193606"},{"taxonomy":"post_tag","embeddable":true,"href":"https:\/\/mspontocom.com.br\/site\/wp-json\/wp\/v2\/tags?post=193606"}],"curies":[{"name":"wp","href":"https:\/\/api.w.org\/{rel}","templated":true}]}}