{"id":193608,"date":"2024-09-07T06:46:53","date_gmt":"2024-09-07T10:46:53","guid":{"rendered":"https:\/\/mspontocom.com.br\/site\/?p=193608"},"modified":"2024-09-07T06:46:53","modified_gmt":"2024-09-07T10:46:53","slug":"lula-diz-que-nao-vai-romper-relacoes-ou-punir-venezuela","status":"publish","type":"post","link":"https:\/\/mspontocom.com.br\/site\/lula-diz-que-nao-vai-romper-relacoes-ou-punir-venezuela\/","title":{"rendered":"Lula diz que n\u00e3o vai romper rela\u00e7\u00f5es ou punir Venezuela"},"content":{"rendered":"<p style=\"text-align: justify;\"><img loading=\"lazy\" class=\"alignnone size-full wp-image-193615\" src=\"https:\/\/mspontocom.com.br\/site\/wp-content\/uploads\/2024\/09\/site-lula-diz-que-nao-vai-romper-relacoes-ou-punir-venezuela-amaduro.jpeg\" alt=\"\" width=\"1024\" height=\"683\" srcset=\"https:\/\/mspontocom.com.br\/site\/wp-content\/uploads\/2024\/09\/site-lula-diz-que-nao-vai-romper-relacoes-ou-punir-venezuela-amaduro.jpeg 1024w, https:\/\/mspontocom.com.br\/site\/wp-content\/uploads\/2024\/09\/site-lula-diz-que-nao-vai-romper-relacoes-ou-punir-venezuela-amaduro-260x173.jpeg 260w, https:\/\/mspontocom.com.br\/site\/wp-content\/uploads\/2024\/09\/site-lula-diz-que-nao-vai-romper-relacoes-ou-punir-venezuela-amaduro-768x512.jpeg 768w\" sizes=\"(max-width: 1024px) 100vw, 1024px\" \/><strong>Cresce nos bastidores pol\u00edticos a convic\u00e7\u00e3o que o ditador Nicol\u00e1s Maduro sabe de coisas muito graves contra Lula, principalmente como o petista foi eleito em 2022.<\/strong><\/p>\n<p style=\"text-align: justify;\">Agora, Lula declarou que n\u00e3o cortar\u00e1 rela\u00e7\u00f5es nem impor\u00e1 bloqueios \u00e0 Venezuela, ressaltando que tais a\u00e7\u00f5es \u201cn\u00e3o prejudicam Maduro, mas sim o povo\u201d.<\/p>\n<p style=\"text-align: justify;\">Ele deu essa declara\u00e7\u00e3o\u00a0 durante uma entrevista \u00e0 Difusora Goi\u00e2nia.<\/p>\n<p style=\"text-align: justify;\">J\u00e1 se comentava na diplomacia brasileira que a tend\u00eancia n\u00e3o apontava para uma ruptura nas rela\u00e7\u00f5es entre os dois pa\u00edses.<\/p>\n<p style=\"text-align: justify;\"><em>\u201cA gente n\u00e3o aceitou o resultado das elei\u00e7\u00f5es, mas n\u00e3o vou romper rela\u00e7\u00f5es, e tamb\u00e9m n\u00e3o concordo com a puni\u00e7\u00e3o unilateral, o bloqueio, porque o bloqueio n\u00e3o prejudica o Maduro. O bloqueio prejudica o povo. E eu acho que o povo n\u00e3o deve ser v\u00edtima disso\u201d<\/em>, disse Lula na entrevista.<\/p>\n<p style=\"text-align: justify;\">Continue em nossa companhia. Veja mais not\u00edcias em: <a href=\"http:\/\/www.mspontocom.com.br\">www.mspontocom.com.br<\/a><\/p>\n<p style=\"text-align: justify;\">Instagram :\u00a0 @mspontocom<\/p>\n","protected":false},"excerpt":{"rendered":"<p>Cresce nos bastidores pol\u00edticos a convic\u00e7\u00e3o que o ditador Nicol\u00e1s Maduro sabe de coisas muito graves contra Lula, principalmente como o petista foi eleito em 2022. Agora, Lula declarou que n\u00e3o cortar\u00e1 rela\u00e7\u00f5es nem impor\u00e1 bloqueios \u00e0 Venezuela, ressaltando que tais a\u00e7\u00f5es \u201cn\u00e3o prejudicam Maduro, mas sim o povo\u201d. Ele deu essa declara\u00e7\u00e3o\u00a0 durante uma [&hellip;]<\/p>\n","protected":false},"author":2,"featured_media":193615,"comment_status":"open","ping_status":"open","sticky":false,"template":"","format":"standard","meta":{"_monsterinsights_skip_tracking":false,"_monsterinsights_sitenote_active":false,"_monsterinsights_sitenote_note":"","_monsterinsights_sitenote_category":0},"categories":[6,30260,30259,12],"tags":[480,41834,27934,1310],"aioseo_notices":[],"_links":{"self":[{"href":"https:\/\/mspontocom.com.br\/site\/wp-json\/wp\/v2\/posts\/193608"}],"collection":[{"href":"https:\/\/mspontocom.com.br\/site\/wp-json\/wp\/v2\/posts"}],"about":[{"href":"https:\/\/mspontocom.com.br\/site\/wp-json\/wp\/v2\/types\/post"}],"author":[{"embeddable":true,"href":"https:\/\/mspontocom.com.br\/site\/wp-json\/wp\/v2\/users\/2"}],"replies":[{"embeddable":true,"href":"https:\/\/mspontocom.com.br\/site\/wp-json\/wp\/v2\/comments?post=193608"}],"version-history":[{"count":2,"href":"https:\/\/mspontocom.com.br\/site\/wp-json\/wp\/v2\/posts\/193608\/revisions"}],"predecessor-version":[{"id":193616,"href":"https:\/\/mspontocom.com.br\/site\/wp-json\/wp\/v2\/posts\/193608\/revisions\/193616"}],"wp:featuredmedia":[{"embeddable":true,"href":"https:\/\/mspontocom.com.br\/site\/wp-json\/wp\/v2\/media\/193615"}],"wp:attachment":[{"href":"https:\/\/mspontocom.com.br\/site\/wp-json\/wp\/v2\/media?parent=193608"}],"wp:term":[{"taxonomy":"category","embeddable":true,"href":"https:\/\/mspontocom.com.br\/site\/wp-json\/wp\/v2\/categories?post=193608"},{"taxonomy":"post_tag","embeddable":true,"href":"https:\/\/mspontocom.com.br\/site\/wp-json\/wp\/v2\/tags?post=193608"}],"curies":[{"name":"wp","href":"https:\/\/api.w.org\/{rel}","templated":true}]}}