{"id":193612,"date":"2024-09-07T06:39:42","date_gmt":"2024-09-07T10:39:42","guid":{"rendered":"https:\/\/mspontocom.com.br\/site\/?p=193612"},"modified":"2024-09-07T06:39:42","modified_gmt":"2024-09-07T10:39:42","slug":"e-hoje-paulista-tera-bonecos-gigantes-de-moraes-e-pacheco","status":"publish","type":"post","link":"https:\/\/mspontocom.com.br\/site\/e-hoje-paulista-tera-bonecos-gigantes-de-moraes-e-pacheco\/","title":{"rendered":"\u00c9 HOJE: Paulista ter\u00e1 bonecos gigantes de Moraes e Pacheco"},"content":{"rendered":"<p style=\"text-align: justify;\"><img loading=\"lazy\" class=\"alignnone size-full wp-image-193613\" src=\"https:\/\/mspontocom.com.br\/site\/wp-content\/uploads\/2024\/09\/site-e-hoje-paulista-tera-bonecos-gigantes-de-moraes-e-pacheco-sete1.jpg\" alt=\"\" width=\"1024\" height=\"576\" srcset=\"https:\/\/mspontocom.com.br\/site\/wp-content\/uploads\/2024\/09\/site-e-hoje-paulista-tera-bonecos-gigantes-de-moraes-e-pacheco-sete1.jpg 1024w, https:\/\/mspontocom.com.br\/site\/wp-content\/uploads\/2024\/09\/site-e-hoje-paulista-tera-bonecos-gigantes-de-moraes-e-pacheco-sete1-260x146.jpg 260w, https:\/\/mspontocom.com.br\/site\/wp-content\/uploads\/2024\/09\/site-e-hoje-paulista-tera-bonecos-gigantes-de-moraes-e-pacheco-sete1-768x432.jpg 768w\" sizes=\"(max-width: 1024px) 100vw, 1024px\" \/>O protesto do 7 de Setembro com a presen\u00e7a de <strong>Jair Bolsonaro<\/strong> na avenida Paulista ser\u00e1 marcado por duros ataques de apoiadores do ex-presidente a <strong>Alexandre de Moraes<\/strong>, ministro do STF, e <strong>Rodrigo Pacheco<\/strong>, o presidente do Senado \u2014 ambos ser\u00e3o representados por<strong> bonecos gigantes.<\/strong><\/p>\n<p style=\"text-align: justify;\">O pastor Silas Malafaia, organizador da manifesta\u00e7\u00e3o prevista para as 14h deste s\u00e1bado (7), diz que far\u00e1 seu discurso &#8220;mais duro e incisivo&#8221;.<\/p>\n<p style=\"text-align: justify;\">&#8220;A for\u00e7a da fala vai ser o impeachment de Alexandre de Moraes&#8221;, afirma.<\/p>\n<p style=\"text-align: justify;\">S\u00e3o esperados mais de 1 milh\u00e3o de manifestantes.<\/p>\n<p>Continue em nossa companhia. Veja mais not\u00edcias em: <a href=\"http:\/\/www.mspontocom.com.br\">www.mspontocom.com.br<\/a><\/p>\n<p>Instagram :\u00a0 @mspontocom<\/p>\n","protected":false},"excerpt":{"rendered":"<p>O protesto do 7 de Setembro com a presen\u00e7a de Jair Bolsonaro na avenida Paulista ser\u00e1 marcado por duros ataques de apoiadores do ex-presidente a Alexandre de Moraes, ministro do STF, e Rodrigo Pacheco, o presidente do Senado \u2014 ambos ser\u00e3o representados por bonecos gigantes. O pastor Silas Malafaia, organizador da manifesta\u00e7\u00e3o prevista para as [&hellip;]<\/p>\n","protected":false},"author":2,"featured_media":193613,"comment_status":"open","ping_status":"open","sticky":false,"template":"","format":"standard","meta":{"_monsterinsights_skip_tracking":false,"_monsterinsights_sitenote_active":false,"_monsterinsights_sitenote_note":"","_monsterinsights_sitenote_category":0},"categories":[6,30260,30259,12],"tags":[6881,41833,15625,35247,39085],"aioseo_notices":[],"_links":{"self":[{"href":"https:\/\/mspontocom.com.br\/site\/wp-json\/wp\/v2\/posts\/193612"}],"collection":[{"href":"https:\/\/mspontocom.com.br\/site\/wp-json\/wp\/v2\/posts"}],"about":[{"href":"https:\/\/mspontocom.com.br\/site\/wp-json\/wp\/v2\/types\/post"}],"author":[{"embeddable":true,"href":"https:\/\/mspontocom.com.br\/site\/wp-json\/wp\/v2\/users\/2"}],"replies":[{"embeddable":true,"href":"https:\/\/mspontocom.com.br\/site\/wp-json\/wp\/v2\/comments?post=193612"}],"version-history":[{"count":1,"href":"https:\/\/mspontocom.com.br\/site\/wp-json\/wp\/v2\/posts\/193612\/revisions"}],"predecessor-version":[{"id":193614,"href":"https:\/\/mspontocom.com.br\/site\/wp-json\/wp\/v2\/posts\/193612\/revisions\/193614"}],"wp:featuredmedia":[{"embeddable":true,"href":"https:\/\/mspontocom.com.br\/site\/wp-json\/wp\/v2\/media\/193613"}],"wp:attachment":[{"href":"https:\/\/mspontocom.com.br\/site\/wp-json\/wp\/v2\/media?parent=193612"}],"wp:term":[{"taxonomy":"category","embeddable":true,"href":"https:\/\/mspontocom.com.br\/site\/wp-json\/wp\/v2\/categories?post=193612"},{"taxonomy":"post_tag","embeddable":true,"href":"https:\/\/mspontocom.com.br\/site\/wp-json\/wp\/v2\/tags?post=193612"}],"curies":[{"name":"wp","href":"https:\/\/api.w.org\/{rel}","templated":true}]}}