{"id":193621,"date":"2024-09-07T07:33:50","date_gmt":"2024-09-07T11:33:50","guid":{"rendered":"https:\/\/mspontocom.com.br\/site\/?p=193621"},"modified":"2024-09-07T07:33:50","modified_gmt":"2024-09-07T11:33:50","slug":"rosangela-moro-ironiza-ministro-tarado-ministre-foi-afastade","status":"publish","type":"post","link":"https:\/\/mspontocom.com.br\/site\/rosangela-moro-ironiza-ministro-tarado-ministre-foi-afastade\/","title":{"rendered":"Rosangela Moro ironiza ministro tarado: MinistrE foi afastadE"},"content":{"rendered":"<p style=\"text-align: justify;\"><img loading=\"lazy\" class=\"alignnone size-full wp-image-193622\" src=\"https:\/\/mspontocom.com.br\/site\/wp-content\/uploads\/2024\/09\/site-ro-e1725708715605.jpg\" alt=\"\" width=\"670\" height=\"264\" srcset=\"https:\/\/mspontocom.com.br\/site\/wp-content\/uploads\/2024\/09\/site-ro-e1725708715605.jpg 670w, https:\/\/mspontocom.com.br\/site\/wp-content\/uploads\/2024\/09\/site-ro-e1725708715605-260x102.jpg 260w\" sizes=\"(max-width: 670px) 100vw, 670px\" \/>Deputados da oposi\u00e7\u00e3o pediram nesta sexta-feira (6) a convoca\u00e7\u00e3o do ex-ministro dos Direitos Humanos,<strong> Silvio Almeida<\/strong>, no plen\u00e1rio da C\u00e2mara para dar explica\u00e7\u00f5es sobre acusa\u00e7\u00f5es de ass\u00e9dio sexual contra ele.<\/p>\n<p style=\"text-align: justify;\">O documento foi protocolado pela deputada <strong>Rosangela Moro<\/strong> (Uni\u00e3o Brasil-SP) um dia ap\u00f3s o surgimento de den\u00fancias contra o ministro dos Direitos Humanos.<\/p>\n<p style=\"text-align: justify;\">Rosangela Moro usou <strong>linguagem neutra<\/strong> para ironizar a situa\u00e7\u00e3o<\/p>\n<p style=\"text-align: justify;\"><em><span style=\"font-size: 14pt;\">&#8220;Aqui a linguagem neutra cairia bem: MinistrE foi afastadE. Assim n\u00e3o fica mal nem para LulE nem para JanjE.&#8221;<\/span><\/em><\/p>\n<p>Continue em nossa companhia. Veja mais not\u00edcias em: <a href=\"http:\/\/www.mspontocom.com.br\">www.mspontocom.com.br<\/a><\/p>\n<p>Instagram :\u00a0 @mspontocom<\/p>\n","protected":false},"excerpt":{"rendered":"<p>Deputados da oposi\u00e7\u00e3o pediram nesta sexta-feira (6) a convoca\u00e7\u00e3o do ex-ministro dos Direitos Humanos, Silvio Almeida, no plen\u00e1rio da C\u00e2mara para dar explica\u00e7\u00f5es sobre acusa\u00e7\u00f5es de ass\u00e9dio sexual contra ele. O documento foi protocolado pela deputada Rosangela Moro (Uni\u00e3o Brasil-SP) um dia ap\u00f3s o surgimento de den\u00fancias contra o ministro dos Direitos Humanos. Rosangela Moro [&hellip;]<\/p>\n","protected":false},"author":2,"featured_media":193622,"comment_status":"open","ping_status":"open","sticky":false,"template":"","format":"standard","meta":{"_monsterinsights_skip_tracking":false,"_monsterinsights_sitenote_active":false,"_monsterinsights_sitenote_note":"","_monsterinsights_sitenote_category":0},"categories":[12],"tags":[25912,38263,41838,41837,41839],"aioseo_notices":[],"_links":{"self":[{"href":"https:\/\/mspontocom.com.br\/site\/wp-json\/wp\/v2\/posts\/193621"}],"collection":[{"href":"https:\/\/mspontocom.com.br\/site\/wp-json\/wp\/v2\/posts"}],"about":[{"href":"https:\/\/mspontocom.com.br\/site\/wp-json\/wp\/v2\/types\/post"}],"author":[{"embeddable":true,"href":"https:\/\/mspontocom.com.br\/site\/wp-json\/wp\/v2\/users\/2"}],"replies":[{"embeddable":true,"href":"https:\/\/mspontocom.com.br\/site\/wp-json\/wp\/v2\/comments?post=193621"}],"version-history":[{"count":1,"href":"https:\/\/mspontocom.com.br\/site\/wp-json\/wp\/v2\/posts\/193621\/revisions"}],"predecessor-version":[{"id":193623,"href":"https:\/\/mspontocom.com.br\/site\/wp-json\/wp\/v2\/posts\/193621\/revisions\/193623"}],"wp:featuredmedia":[{"embeddable":true,"href":"https:\/\/mspontocom.com.br\/site\/wp-json\/wp\/v2\/media\/193622"}],"wp:attachment":[{"href":"https:\/\/mspontocom.com.br\/site\/wp-json\/wp\/v2\/media?parent=193621"}],"wp:term":[{"taxonomy":"category","embeddable":true,"href":"https:\/\/mspontocom.com.br\/site\/wp-json\/wp\/v2\/categories?post=193621"},{"taxonomy":"post_tag","embeddable":true,"href":"https:\/\/mspontocom.com.br\/site\/wp-json\/wp\/v2\/tags?post=193621"}],"curies":[{"name":"wp","href":"https:\/\/api.w.org\/{rel}","templated":true}]}}