{"id":193627,"date":"2024-09-08T07:05:55","date_gmt":"2024-09-08T11:05:55","guid":{"rendered":"https:\/\/mspontocom.com.br\/site\/?p=193627"},"modified":"2024-09-08T07:05:55","modified_gmt":"2024-09-08T11:05:55","slug":"bolsonaro-reafirma-papel-de-lider-da-direita-em-ato-contra-moraes","status":"publish","type":"post","link":"https:\/\/mspontocom.com.br\/site\/bolsonaro-reafirma-papel-de-lider-da-direita-em-ato-contra-moraes\/","title":{"rendered":"Bolsonaro reafirma papel de l\u00edder da direita em ato contra Moraes"},"content":{"rendered":"<p style=\"text-align: justify;\"><img loading=\"lazy\" class=\"alignnone size-full wp-image-193628\" src=\"https:\/\/mspontocom.com.br\/site\/wp-content\/uploads\/2024\/09\/site-bolsonaro-reafirma-papel-de-lider-da-direita-em-ato-contra-moraes-paulista.jpg\" alt=\"\" width=\"675\" height=\"450\" srcset=\"https:\/\/mspontocom.com.br\/site\/wp-content\/uploads\/2024\/09\/site-bolsonaro-reafirma-papel-de-lider-da-direita-em-ato-contra-moraes-paulista.jpg 675w, https:\/\/mspontocom.com.br\/site\/wp-content\/uploads\/2024\/09\/site-bolsonaro-reafirma-papel-de-lider-da-direita-em-ato-contra-moraes-paulista-260x173.jpg 260w\" sizes=\"(max-width: 675px) 100vw, 675px\" \/>A manifesta\u00e7\u00e3o que tomou a Avenida Paulista neste 7 de Setembro tamb\u00e9m reafirmou a posi\u00e7\u00e3o do ex-presidente <strong>Jair Bolsonaro como l\u00edder da direita no pa\u00eds.<\/strong><\/p>\n<p style=\"text-align: justify;\">Todos exaltaram a figura e o governo do ex-presidente, inclusive o governador de S\u00e3o Paulo, Tarc\u00edsio de Freitas (Republicanos), sempre citado como principal alternativa eleitoral da direita para a Presid\u00eancia caso Bolsonaro permane\u00e7a ineleg\u00edvel em 2026.<\/p>\n<p style=\"text-align: justify;\"><em><span style=\"font-size: 14pt;\">\u201cQuanta saudade eu tenho do per\u00edodo do presidente Bolsonaro. Quem est\u00e1 com saudade do Bolsonaro a\u00ed?\u201d,<\/span><\/em> disse Tarc\u00edsio para o p\u00fablico na Paulista.<\/p>\n<p style=\"text-align: justify;\">O pr\u00f3prio Bolsonaro, em seu discurso, fez quest\u00e3o de, em v\u00e1rios momentos, se colocar como v\u00edtima do \u201csistema\u201d \u2013 dentro do qual estaria Moraes \u2013 que n\u00e3o s\u00f3 tentou travar seu governo, como tamb\u00e9m trabalhou contra sua reelei\u00e7\u00e3o em 2022.<\/p>\n<p style=\"text-align: justify;\"><span style=\"font-size: 14pt;\"><em>\u201cSe hoje sou o ex mais amado do Brasil, esse div\u00f3rcio n\u00e3o foi feito pelo povo, foi feito por parte desse sistema que trabalhou quatro anos contra a minha pessoa. N\u00e3o tinha uma semana que n\u00e3o era fustigado por uma senten\u00e7a judicial atrapalhando nosso governo\u201d,<\/em><\/span> afirmou.<\/p>\n<p style=\"text-align: justify;\">Bolsonaro se disse perseguido porque \u201cestava atrapalhando o sistema\u201d combatendo a corrup\u00e7\u00e3o.<\/p>\n<p style=\"text-align: justify;\">Continue em nossa companhia. Veja mais not\u00edcias em: <a href=\"http:\/\/www.mspontocom.com.br\">www.mspontocom.com.br<\/a><\/p>\n<p style=\"text-align: justify;\">Instagram :\u00a0 @mspontocom<\/p>\n<p>&nbsp;<\/p>\n","protected":false},"excerpt":{"rendered":"<p>A manifesta\u00e7\u00e3o que tomou a Avenida Paulista neste 7 de Setembro tamb\u00e9m reafirmou a posi\u00e7\u00e3o do ex-presidente Jair Bolsonaro como l\u00edder da direita no pa\u00eds. Todos exaltaram a figura e o governo do ex-presidente, inclusive o governador de S\u00e3o Paulo, Tarc\u00edsio de Freitas (Republicanos), sempre citado como principal alternativa eleitoral da direita para a Presid\u00eancia [&hellip;]<\/p>\n","protected":false},"author":2,"featured_media":193628,"comment_status":"open","ping_status":"open","sticky":false,"template":"","format":"standard","meta":{"_monsterinsights_skip_tracking":false,"_monsterinsights_sitenote_active":false,"_monsterinsights_sitenote_note":"","_monsterinsights_sitenote_category":0},"categories":[6,30260,30259,12],"tags":[24864,21017,32323,21788,35247],"aioseo_notices":[],"_links":{"self":[{"href":"https:\/\/mspontocom.com.br\/site\/wp-json\/wp\/v2\/posts\/193627"}],"collection":[{"href":"https:\/\/mspontocom.com.br\/site\/wp-json\/wp\/v2\/posts"}],"about":[{"href":"https:\/\/mspontocom.com.br\/site\/wp-json\/wp\/v2\/types\/post"}],"author":[{"embeddable":true,"href":"https:\/\/mspontocom.com.br\/site\/wp-json\/wp\/v2\/users\/2"}],"replies":[{"embeddable":true,"href":"https:\/\/mspontocom.com.br\/site\/wp-json\/wp\/v2\/comments?post=193627"}],"version-history":[{"count":2,"href":"https:\/\/mspontocom.com.br\/site\/wp-json\/wp\/v2\/posts\/193627\/revisions"}],"predecessor-version":[{"id":193630,"href":"https:\/\/mspontocom.com.br\/site\/wp-json\/wp\/v2\/posts\/193627\/revisions\/193630"}],"wp:featuredmedia":[{"embeddable":true,"href":"https:\/\/mspontocom.com.br\/site\/wp-json\/wp\/v2\/media\/193628"}],"wp:attachment":[{"href":"https:\/\/mspontocom.com.br\/site\/wp-json\/wp\/v2\/media?parent=193627"}],"wp:term":[{"taxonomy":"category","embeddable":true,"href":"https:\/\/mspontocom.com.br\/site\/wp-json\/wp\/v2\/categories?post=193627"},{"taxonomy":"post_tag","embeddable":true,"href":"https:\/\/mspontocom.com.br\/site\/wp-json\/wp\/v2\/tags?post=193627"}],"curies":[{"name":"wp","href":"https:\/\/api.w.org\/{rel}","templated":true}]}}