{"id":193635,"date":"2024-09-09T07:39:53","date_gmt":"2024-09-09T11:39:53","guid":{"rendered":"https:\/\/mspontocom.com.br\/site\/?p=193635"},"modified":"2024-09-09T07:39:53","modified_gmt":"2024-09-09T11:39:53","slug":"imprensa-internacional-repercute-manifestacao-na-paulista-luta-por-liberdade","status":"publish","type":"post","link":"https:\/\/mspontocom.com.br\/site\/imprensa-internacional-repercute-manifestacao-na-paulista-luta-por-liberdade\/","title":{"rendered":"Imprensa internacional repercute manifesta\u00e7\u00e3o na Paulista: &#8220;luta por liberdade&#8221;"},"content":{"rendered":"<p style=\"text-align: justify;\"><img loading=\"lazy\" class=\"alignnone size-full wp-image-193642\" src=\"https:\/\/mspontocom.com.br\/site\/wp-content\/uploads\/2024\/09\/site-imprensa-internacional-repercute-manifestacao-na-avenida-paulista-brasil-luta-por-liberdade-x.webp\" alt=\"\" width=\"924\" height=\"505\" srcset=\"https:\/\/mspontocom.com.br\/site\/wp-content\/uploads\/2024\/09\/site-imprensa-internacional-repercute-manifestacao-na-avenida-paulista-brasil-luta-por-liberdade-x.webp 924w, https:\/\/mspontocom.com.br\/site\/wp-content\/uploads\/2024\/09\/site-imprensa-internacional-repercute-manifestacao-na-avenida-paulista-brasil-luta-por-liberdade-x-260x142.webp 260w, https:\/\/mspontocom.com.br\/site\/wp-content\/uploads\/2024\/09\/site-imprensa-internacional-repercute-manifestacao-na-avenida-paulista-brasil-luta-por-liberdade-x-768x420.webp 768w\" sizes=\"(max-width: 924px) 100vw, 924px\" \/>O ato convocado pelo ex-presidente Jair Bolsonaro, no 7 de setembro, para protestar contra o ministro Alexandre de Moraes\u00a0 repercutiu fortemente na imprensa internacional.<\/p>\n<p style=\"text-align: justify;\">Ve\u00edculos renomados registraram a manifesta\u00e7\u00e3o, apontando tanto o volume de participantes quanto o cen\u00e1rio pol\u00edtico radicalizado no Brasil.<\/p>\n<p style=\"text-align: justify;\">O jornal \u00e1rabe\u00a0<span style=\"font-size: 14pt;\"><strong><em>Al Jazeera<\/em><\/strong><\/span> mencionou a presen\u00e7a de milhares de manifestantes em S\u00e3o Paulo e o foco do protesto na \u201cliberdade de express\u00e3o\u201d, com cr\u00edticas \u00e0 decis\u00e3o do Supremo Tribunal Federal.<\/p>\n<p style=\"text-align: justify;\">\u00a0O ve\u00edculo sublinhou que o ato visava tamb\u00e9m \u00e0 derrubada de Moraes, devido uma onda de insatisfa\u00e7\u00e3o popular com a \u201cescalada autorit\u00e1ria\u201d.<\/p>\n<p style=\"text-align: justify;\">Nos Estados Unidos, o\u00a0<strong><span style=\"font-size: 14pt;\"><em>The Washington Post<\/em><\/span><\/strong>\u00a0classificou o protesto como uma resposta direta \u00e0 suspens\u00e3o do X\/Twitter, narrando a grande presen\u00e7a de manifestantes vestindo verde e amarelo.<\/p>\n<p style=\"text-align: justify;\">\u00a0O evento, segundo o ve\u00edculo americano, comprovou outra vez a capacidade de mobiliza\u00e7\u00e3o da direita brasileira, especialmente por ser \u00e0s v\u00e9speras das elei\u00e7\u00f5es municipais.<\/p>\n<p style=\"text-align: justify;\">J\u00e1 a ag\u00eancia\u00a0<span style=\"font-size: 14pt;\"><strong><em>Bloomberg<\/em><\/strong><\/span>\u00a0descreveu a manifesta\u00e7\u00e3o como uma estrat\u00e9gia de Bolsonaro para revigorar a base conservadora, usando a decis\u00e3o de Moraes para energizar a direita.<\/p>\n<p style=\"text-align: justify;\">Outros ve\u00edculos internacionais, como o\u00a0<span style=\"font-size: 14pt;\"><strong><em>OneIndia<\/em>\u00a0e o\u00a0<em>Jersey Evening Post<\/em>,<\/strong> <\/span>tamb\u00e9m cobriram o ato, apontando a indigna\u00e7\u00e3o crescente no Brasil e as constata\u00e7\u00f5es de que o judici\u00e1rio estaria colaborando com o governo de Lula para suprimir a oposi\u00e7\u00e3o pol\u00edtca.<\/p>\n<p style=\"text-align: justify;\">O\u00a0<em>Jersey Evening Post<\/em> sublimou a for\u00e7a da mobiliza\u00e7\u00e3o em S\u00e3o Paulo, comparando o ato de 7 de setembro \u00e0 manifesta\u00e7\u00e3o ocorrida em fevereiro, ambas lotando a Avenida Paulista.<\/p>\n<p style=\"text-align: justify;\">Continue em nossa companhia. Veja mais not\u00edcias em: <a href=\"http:\/\/www.mspontocom.com.br\">www.mspontocom.com.br<\/a><\/p>\n<p style=\"text-align: justify;\">Instagram :\u00a0 @mspontocom<\/p>\n","protected":false},"excerpt":{"rendered":"<p>O ato convocado pelo ex-presidente Jair Bolsonaro, no 7 de setembro, para protestar contra o ministro Alexandre de Moraes\u00a0 repercutiu fortemente na imprensa internacional. Ve\u00edculos renomados registraram a manifesta\u00e7\u00e3o, apontando tanto o volume de participantes quanto o cen\u00e1rio pol\u00edtico radicalizado no Brasil. O jornal \u00e1rabe\u00a0Al Jazeera mencionou a presen\u00e7a de milhares de manifestantes em S\u00e3o [&hellip;]<\/p>\n","protected":false},"author":2,"featured_media":193642,"comment_status":"open","ping_status":"open","sticky":false,"template":"","format":"standard","meta":{"_monsterinsights_skip_tracking":false,"_monsterinsights_sitenote_active":false,"_monsterinsights_sitenote_note":"","_monsterinsights_sitenote_category":0},"categories":[30260,7,30259,12],"tags":[24864,31379,41844,3166,41843],"aioseo_notices":[],"_links":{"self":[{"href":"https:\/\/mspontocom.com.br\/site\/wp-json\/wp\/v2\/posts\/193635"}],"collection":[{"href":"https:\/\/mspontocom.com.br\/site\/wp-json\/wp\/v2\/posts"}],"about":[{"href":"https:\/\/mspontocom.com.br\/site\/wp-json\/wp\/v2\/types\/post"}],"author":[{"embeddable":true,"href":"https:\/\/mspontocom.com.br\/site\/wp-json\/wp\/v2\/users\/2"}],"replies":[{"embeddable":true,"href":"https:\/\/mspontocom.com.br\/site\/wp-json\/wp\/v2\/comments?post=193635"}],"version-history":[{"count":3,"href":"https:\/\/mspontocom.com.br\/site\/wp-json\/wp\/v2\/posts\/193635\/revisions"}],"predecessor-version":[{"id":193643,"href":"https:\/\/mspontocom.com.br\/site\/wp-json\/wp\/v2\/posts\/193635\/revisions\/193643"}],"wp:featuredmedia":[{"embeddable":true,"href":"https:\/\/mspontocom.com.br\/site\/wp-json\/wp\/v2\/media\/193642"}],"wp:attachment":[{"href":"https:\/\/mspontocom.com.br\/site\/wp-json\/wp\/v2\/media?parent=193635"}],"wp:term":[{"taxonomy":"category","embeddable":true,"href":"https:\/\/mspontocom.com.br\/site\/wp-json\/wp\/v2\/categories?post=193635"},{"taxonomy":"post_tag","embeddable":true,"href":"https:\/\/mspontocom.com.br\/site\/wp-json\/wp\/v2\/tags?post=193635"}],"curies":[{"name":"wp","href":"https:\/\/api.w.org\/{rel}","templated":true}]}}