{"id":193943,"date":"2024-10-01T06:12:43","date_gmt":"2024-10-01T10:12:43","guid":{"rendered":"https:\/\/mspontocom.com.br\/site\/?p=193943"},"modified":"2024-10-01T06:14:57","modified_gmt":"2024-10-01T10:14:57","slug":"fora-moraes-campanha-pede-que-eleitores-nao-votem-no-55-de-pacheco","status":"publish","type":"post","link":"https:\/\/mspontocom.com.br\/site\/fora-moraes-campanha-pede-que-eleitores-nao-votem-no-55-de-pacheco\/","title":{"rendered":"Fora Moraes: Campanha pede que eleitores n\u00e3o votem no 55 de Pacheco"},"content":{"rendered":"<p style=\"text-align: justify;\"><img loading=\"lazy\" class=\"alignnone size-full wp-image-194283\" src=\"https:\/\/mspontocom.com.br\/site\/wp-content\/uploads\/2024\/09\/site-impeachment-de-moraes-campanha-pede-que-eleitores-nao-votem-em-politicos-ligados-a-pacheco-55-2.jpg\" alt=\"\" width=\"480\" height=\"360\" srcset=\"https:\/\/mspontocom.com.br\/site\/wp-content\/uploads\/2024\/09\/site-impeachment-de-moraes-campanha-pede-que-eleitores-nao-votem-em-politicos-ligados-a-pacheco-55-2.jpg 480w, https:\/\/mspontocom.com.br\/site\/wp-content\/uploads\/2024\/09\/site-impeachment-de-moraes-campanha-pede-que-eleitores-nao-votem-em-politicos-ligados-a-pacheco-55-2-260x195.jpg 260w\" sizes=\"(max-width: 480px) 100vw, 480px\" \/><\/p>\n<p style=\"text-align: justify;\">Devido \u00e0 in\u00e9rcia do presidente do senado Rodrigo Pacheco &#8211; PSD, em abrir processo de impeachmente do ministro Alexandre de Moraes do STF, internautas intensificaram \u00e0s v\u00e9speras da elei\u00e7\u00e3o munipal, campanha para pression\u00e1-lo.<\/p>\n<p style=\"text-align: justify;\">Press\u00e3o popular agora pedem que os eleitores brasileiros n\u00e3o votem em pol\u00edticos ligados \u00e0 sigla de Pacheco<strong> (55) &#8211; Republicanos<\/strong> no pr\u00f3ximo domingo.<\/p>\n<p><strong>Compartilhe!<\/strong><\/p>\n<p>&nbsp;<\/p>\n<p>Continue em nossa companhia. Veja mais not\u00edcias em: <a href=\"http:\/\/www.mspontocom.com.br\">www.mspontocom.com.br<\/a><\/p>\n<p>Instagram :\u00a0 @mspontocom<\/p>\n","protected":false},"excerpt":{"rendered":"<p>Devido \u00e0 in\u00e9rcia do presidente do senado Rodrigo Pacheco &#8211; PSD, em abrir processo de impeachmente do ministro Alexandre de Moraes do STF, internautas intensificaram \u00e0s v\u00e9speras da elei\u00e7\u00e3o munipal, campanha para pression\u00e1-lo. Press\u00e3o popular agora pedem que os eleitores brasileiros n\u00e3o votem em pol\u00edticos ligados \u00e0 sigla de Pacheco (55) &#8211; Republicanos no pr\u00f3ximo [&hellip;]<\/p>\n","protected":false},"author":2,"featured_media":194283,"comment_status":"open","ping_status":"open","sticky":false,"template":"","format":"standard","meta":{"_monsterinsights_skip_tracking":false,"_monsterinsights_sitenote_active":false,"_monsterinsights_sitenote_note":"","_monsterinsights_sitenote_category":0},"categories":[6,30260,30259,12],"tags":[41905,1096,5441,35247,39085,25421,9325,4002],"aioseo_notices":[],"_links":{"self":[{"href":"https:\/\/mspontocom.com.br\/site\/wp-json\/wp\/v2\/posts\/193943"}],"collection":[{"href":"https:\/\/mspontocom.com.br\/site\/wp-json\/wp\/v2\/posts"}],"about":[{"href":"https:\/\/mspontocom.com.br\/site\/wp-json\/wp\/v2\/types\/post"}],"author":[{"embeddable":true,"href":"https:\/\/mspontocom.com.br\/site\/wp-json\/wp\/v2\/users\/2"}],"replies":[{"embeddable":true,"href":"https:\/\/mspontocom.com.br\/site\/wp-json\/wp\/v2\/comments?post=193943"}],"version-history":[{"count":3,"href":"https:\/\/mspontocom.com.br\/site\/wp-json\/wp\/v2\/posts\/193943\/revisions"}],"predecessor-version":[{"id":194284,"href":"https:\/\/mspontocom.com.br\/site\/wp-json\/wp\/v2\/posts\/193943\/revisions\/194284"}],"wp:featuredmedia":[{"embeddable":true,"href":"https:\/\/mspontocom.com.br\/site\/wp-json\/wp\/v2\/media\/194283"}],"wp:attachment":[{"href":"https:\/\/mspontocom.com.br\/site\/wp-json\/wp\/v2\/media?parent=193943"}],"wp:term":[{"taxonomy":"category","embeddable":true,"href":"https:\/\/mspontocom.com.br\/site\/wp-json\/wp\/v2\/categories?post=193943"},{"taxonomy":"post_tag","embeddable":true,"href":"https:\/\/mspontocom.com.br\/site\/wp-json\/wp\/v2\/tags?post=193943"}],"curies":[{"name":"wp","href":"https:\/\/api.w.org\/{rel}","templated":true}]}}