{"id":193998,"date":"2024-09-20T05:06:19","date_gmt":"2024-09-20T09:06:19","guid":{"rendered":"https:\/\/mspontocom.com.br\/site\/?p=193998"},"modified":"2024-09-20T08:12:13","modified_gmt":"2024-09-20T12:12:13","slug":"feira-internacional-de-franquias-chega-a-campo-grande","status":"publish","type":"post","link":"https:\/\/mspontocom.com.br\/site\/feira-internacional-de-franquias-chega-a-campo-grande\/","title":{"rendered":"Feira internacional de franquias chega a Campo Grande"},"content":{"rendered":"<p style=\"text-align: justify;\"><img loading=\"lazy\" class=\"alignnone size-full wp-image-194000\" src=\"https:\/\/mspontocom.com.br\/site\/wp-content\/uploads\/2024\/09\/site-feira-internacional-de-empreendedorismo-e-franquias-chega-a-campo-grande-franquia-e1726834009911.png\" alt=\"\" width=\"668\" height=\"334\" srcset=\"https:\/\/mspontocom.com.br\/site\/wp-content\/uploads\/2024\/09\/site-feira-internacional-de-empreendedorismo-e-franquias-chega-a-campo-grande-franquia-e1726834009911.png 668w, https:\/\/mspontocom.com.br\/site\/wp-content\/uploads\/2024\/09\/site-feira-internacional-de-empreendedorismo-e-franquias-chega-a-campo-grande-franquia-e1726834009911-260x130.png 260w\" sizes=\"(max-width: 668px) 100vw, 668px\" \/>Chega em Campo Grande mais uma edi\u00e7\u00e3o da <strong>Feira de Franquias Franchise B2B<\/strong>, evento que incentiva o empreendedorismo no ramo das franquias.<\/p>\n<p style=\"text-align: justify;\"><strong>No pr\u00f3ximo dia 24\/09, ocorrer\u00e1 em Campo Grande, no Novotel das 9h \u00e0s 20h.<\/strong><\/p>\n<p style=\"text-align: justify;\">A Feira j\u00e1 aconteceu este ano em 30 cidades em todo o Brasil e traz v\u00e1rias marcas de franquias abrangendo diversos setores como alimenta\u00e7\u00e3o, tecnologia e servi\u00e7os.<\/p>\n<p style=\"text-align: justify;\">Os visitantes ter\u00e3o a chance de se conectar diretamente com representantes de diferentes franquias, entendendo melhor as vantagens, os desafios e as possibilidades que cada uma oferece.<\/p>\n<p style=\"text-align: justify;\">A programa\u00e7\u00e3o contar\u00e1 com palestras sobre empreendedorismo.<\/p>\n<p style=\"text-align: justify;\"><strong>\u00a0A entrada do evento \u00e9 social com 2 quilos de alimentos n\u00e3o perec\u00edveis ou com o alimento + ingresso educativo<\/strong>, que dar\u00e1 direito \u00e0s obras publicadas com grandes nomes do mercado como Marcelo Cherto, Lyana Bittencourt, entre outros.<\/p>\n<p style=\"text-align: justify;\">Os alimentos arrecadados ser\u00e3o doados para a Legi\u00e3o da Boa Vontade (LBV), na capital morena.<\/p>\n<p style=\"text-align: justify;\">SERVI\u00c7O:<br \/>\nCampo Grande | Feira de Franquias FranchiseB2B<br \/>\nData: 24\/9\/2024 (ter\u00e7a-feira)<br \/>\nHor\u00e1rio: das 9 \u00e0s 20 horas<br \/>\nLocal: Avenida Mato Grosso, 5555 \u2013 Jardim Copacabana \u2013 Campo Grande\/MS<\/p>\n<p style=\"text-align: justify;\">Informa\u00e7\u00f5es sobre o evento pelo site: https:\/\/franchiseb2b.com.br\/<\/p>\n","protected":false},"excerpt":{"rendered":"<p>Chega em Campo Grande mais uma edi\u00e7\u00e3o da Feira de Franquias Franchise B2B, evento que incentiva o empreendedorismo no ramo das franquias. No pr\u00f3ximo dia 24\/09, ocorrer\u00e1 em Campo Grande, no Novotel das 9h \u00e0s 20h. A Feira j\u00e1 aconteceu este ano em 30 cidades em todo o Brasil e traz v\u00e1rias marcas de franquias [&hellip;]<\/p>\n","protected":false},"author":2,"featured_media":194000,"comment_status":"open","ping_status":"open","sticky":false,"template":"","format":"standard","meta":{"_monsterinsights_skip_tracking":false,"_monsterinsights_sitenote_active":false,"_monsterinsights_sitenote_note":"","_monsterinsights_sitenote_category":0},"categories":[4328,15],"tags":[123,41918],"aioseo_notices":[],"_links":{"self":[{"href":"https:\/\/mspontocom.com.br\/site\/wp-json\/wp\/v2\/posts\/193998"}],"collection":[{"href":"https:\/\/mspontocom.com.br\/site\/wp-json\/wp\/v2\/posts"}],"about":[{"href":"https:\/\/mspontocom.com.br\/site\/wp-json\/wp\/v2\/types\/post"}],"author":[{"embeddable":true,"href":"https:\/\/mspontocom.com.br\/site\/wp-json\/wp\/v2\/users\/2"}],"replies":[{"embeddable":true,"href":"https:\/\/mspontocom.com.br\/site\/wp-json\/wp\/v2\/comments?post=193998"}],"version-history":[{"count":2,"href":"https:\/\/mspontocom.com.br\/site\/wp-json\/wp\/v2\/posts\/193998\/revisions"}],"predecessor-version":[{"id":194001,"href":"https:\/\/mspontocom.com.br\/site\/wp-json\/wp\/v2\/posts\/193998\/revisions\/194001"}],"wp:featuredmedia":[{"embeddable":true,"href":"https:\/\/mspontocom.com.br\/site\/wp-json\/wp\/v2\/media\/194000"}],"wp:attachment":[{"href":"https:\/\/mspontocom.com.br\/site\/wp-json\/wp\/v2\/media?parent=193998"}],"wp:term":[{"taxonomy":"category","embeddable":true,"href":"https:\/\/mspontocom.com.br\/site\/wp-json\/wp\/v2\/categories?post=193998"},{"taxonomy":"post_tag","embeddable":true,"href":"https:\/\/mspontocom.com.br\/site\/wp-json\/wp\/v2\/tags?post=193998"}],"curies":[{"name":"wp","href":"https:\/\/api.w.org\/{rel}","templated":true}]}}