{"id":194105,"date":"2024-09-25T06:22:22","date_gmt":"2024-09-25T10:22:22","guid":{"rendered":"https:\/\/mspontocom.com.br\/site\/?p=194105"},"modified":"2024-09-25T09:10:24","modified_gmt":"2024-09-25T13:10:24","slug":"veja-materia-do-mspontocom-sobre-lula-que-foi-censurada","status":"publish","type":"post","link":"https:\/\/mspontocom.com.br\/site\/veja-materia-do-mspontocom-sobre-lula-que-foi-censurada\/","title":{"rendered":"Veja mat\u00e9ria do mspontocom sobre Lula que foi censurada"},"content":{"rendered":"<p style=\"text-align: justify;\"><img loading=\"lazy\" class=\"alignnone size-full wp-image-194136\" src=\"https:\/\/mspontocom.com.br\/site\/wp-content\/uploads\/2024\/09\/site-brasil-reforca-na-onu-cartaz-de-anao-diplomatico-censura1.jpg\" alt=\"\" width=\"1300\" height=\"867\" srcset=\"https:\/\/mspontocom.com.br\/site\/wp-content\/uploads\/2024\/09\/site-brasil-reforca-na-onu-cartaz-de-anao-diplomatico-censura1.jpg 1300w, https:\/\/mspontocom.com.br\/site\/wp-content\/uploads\/2024\/09\/site-brasil-reforca-na-onu-cartaz-de-anao-diplomatico-censura1-260x173.jpg 260w, https:\/\/mspontocom.com.br\/site\/wp-content\/uploads\/2024\/09\/site-brasil-reforca-na-onu-cartaz-de-anao-diplomatico-censura1-1024x683.jpg 1024w, https:\/\/mspontocom.com.br\/site\/wp-content\/uploads\/2024\/09\/site-brasil-reforca-na-onu-cartaz-de-anao-diplomatico-censura1-768x512.jpg 768w\" sizes=\"(max-width: 1300px) 100vw, 1300px\" \/><\/p>\n<p style=\"text-align: justify;\">\u00a0O Facebook n\u00e3o permitiu que o mspontocom distribu\u00edsse mat\u00e9ria sobre Lula &#8211; o an\u00e3o diplom\u00e1tico.<\/p>\n<p><strong>Tentamos um drible. Leia a mat\u00e9ria abaixo:<\/strong><\/p>\n<p style=\"text-align: justify;\">O presidente Lula (PT) desperdi\u00e7ou uma \u00f3tima oportunidade de desfazer reputa\u00e7\u00e3o do Brasil como<strong> \u201can\u00e3o diplom\u00e1tico<\/strong>\u201d, ao discursar na abertura da assembleia geral da ONU.<\/p>\n<p style=\"text-align: justify;\">Lula virou um presidente que passa pano para ditadores e terroristas, sem jamais haver condenado a matan\u00e7a do Hamas em 7 de outubro.<\/p>\n<div id=\"Nota-7\" class=\"entry-block ch-nota Nota-7\" style=\"text-align: justify;\">\n<h3>N\u00e3o foi casual<\/h3>\n<\/div>\n<p style=\"text-align: justify;\">O Brasil foi chamado de \u201can\u00e3o diplom\u00e1tico\u201d pelo porta-voz israelense Yigal Palmor, ante o flerte do governo Dilma Rousseff com terroristas.<\/p>\n<div id=\"Nota-8\" class=\"entry-block ch-nota Nota-8\" style=\"text-align: justify;\">\n<h3>O nome do an\u00e3o<\/h3>\n<\/div>\n<p style=\"text-align: justify;\">Celso Amorim mandava na nossa diplomacia quando o Brasil ganhou em 2014 a reputa\u00e7\u00e3o de \u201can\u00e3o diplom\u00e1tico\u201d. Hoje exerce o mesmo papel.<\/p>\n<div id=\"Nota-9\" class=\"entry-block ch-nota Nota-9\" style=\"text-align: justify;\">\n<h3>Papel\u00e3o na ONU<\/h3>\n<\/div>\n<p style=\"text-align: justify;\">Lula reclama tardiamente da invas\u00e3o da Ucr\u00e2nia, mas ainda se omite diante do massacre do Hamas em 7 de outubro, com v\u00edtimas brasileiras.<\/p>\n<p style=\"text-align: justify;\">fonte: Coluna Claudio Humberto, Di\u00e1rio do Poder<\/p>\n<p style=\"text-align: justify;\">Continue em nossa companhia. Veja mais not\u00edcias em: <a href=\"http:\/\/www.mspontocom.com.br\">www.mspontocom.com.br<\/a><\/p>\n<p style=\"text-align: justify;\">Instagram :\u00a0 @mspontocom<\/p>\n","protected":false},"excerpt":{"rendered":"<p>\u00a0O Facebook n\u00e3o permitiu que o mspontocom distribu\u00edsse mat\u00e9ria sobre Lula &#8211; o an\u00e3o diplom\u00e1tico. Tentamos um drible. Leia a mat\u00e9ria abaixo: O presidente Lula (PT) desperdi\u00e7ou uma \u00f3tima oportunidade de desfazer reputa\u00e7\u00e3o do Brasil como \u201can\u00e3o diplom\u00e1tico\u201d, ao discursar na abertura da assembleia geral da ONU. Lula virou um presidente que passa pano para [&hellip;]<\/p>\n","protected":false},"author":2,"featured_media":194136,"comment_status":"open","ping_status":"open","sticky":false,"template":"","format":"standard","meta":{"_monsterinsights_skip_tracking":false,"_monsterinsights_sitenote_active":false,"_monsterinsights_sitenote_note":"","_monsterinsights_sitenote_category":0},"categories":[6,30260,7,30259,12],"tags":[39619,30254,480,1684],"aioseo_notices":[],"_links":{"self":[{"href":"https:\/\/mspontocom.com.br\/site\/wp-json\/wp\/v2\/posts\/194105"}],"collection":[{"href":"https:\/\/mspontocom.com.br\/site\/wp-json\/wp\/v2\/posts"}],"about":[{"href":"https:\/\/mspontocom.com.br\/site\/wp-json\/wp\/v2\/types\/post"}],"author":[{"embeddable":true,"href":"https:\/\/mspontocom.com.br\/site\/wp-json\/wp\/v2\/users\/2"}],"replies":[{"embeddable":true,"href":"https:\/\/mspontocom.com.br\/site\/wp-json\/wp\/v2\/comments?post=194105"}],"version-history":[{"count":5,"href":"https:\/\/mspontocom.com.br\/site\/wp-json\/wp\/v2\/posts\/194105\/revisions"}],"predecessor-version":[{"id":194137,"href":"https:\/\/mspontocom.com.br\/site\/wp-json\/wp\/v2\/posts\/194105\/revisions\/194137"}],"wp:featuredmedia":[{"embeddable":true,"href":"https:\/\/mspontocom.com.br\/site\/wp-json\/wp\/v2\/media\/194136"}],"wp:attachment":[{"href":"https:\/\/mspontocom.com.br\/site\/wp-json\/wp\/v2\/media?parent=194105"}],"wp:term":[{"taxonomy":"category","embeddable":true,"href":"https:\/\/mspontocom.com.br\/site\/wp-json\/wp\/v2\/categories?post=194105"},{"taxonomy":"post_tag","embeddable":true,"href":"https:\/\/mspontocom.com.br\/site\/wp-json\/wp\/v2\/tags?post=194105"}],"curies":[{"name":"wp","href":"https:\/\/api.w.org\/{rel}","templated":true}]}}