{"id":194107,"date":"2024-09-25T06:55:31","date_gmt":"2024-09-25T10:55:31","guid":{"rendered":"https:\/\/mspontocom.com.br\/site\/?p=194107"},"modified":"2024-09-25T06:55:31","modified_gmt":"2024-09-25T10:55:31","slug":"midia-internacional-ignora-discurso-de-lula-na-onu","status":"publish","type":"post","link":"https:\/\/mspontocom.com.br\/site\/midia-internacional-ignora-discurso-de-lula-na-onu\/","title":{"rendered":"M\u00eddia internacional ignora discurso de Lula na ONU"},"content":{"rendered":"<p style=\"text-align: justify;\"><img loading=\"lazy\" class=\"alignnone size-full wp-image-194119\" src=\"https:\/\/mspontocom.com.br\/site\/wp-content\/uploads\/2024\/09\/site-midia-internacional-ignora-discurso-de-lula-na-onu-onu.jpg\" alt=\"\" width=\"1024\" height=\"512\" srcset=\"https:\/\/mspontocom.com.br\/site\/wp-content\/uploads\/2024\/09\/site-midia-internacional-ignora-discurso-de-lula-na-onu-onu.jpg 1024w, https:\/\/mspontocom.com.br\/site\/wp-content\/uploads\/2024\/09\/site-midia-internacional-ignora-discurso-de-lula-na-onu-onu-260x130.jpg 260w, https:\/\/mspontocom.com.br\/site\/wp-content\/uploads\/2024\/09\/site-midia-internacional-ignora-discurso-de-lula-na-onu-onu-768x384.jpg 768w\" sizes=\"(max-width: 1024px) 100vw, 1024px\" \/>O discurso do presidente Lula durante a abertura da 79\u00aa Assembleia Geral da ONU,\u00a0 recebeu pouca aten\u00e7\u00e3o de ve\u00edculos de m\u00eddia internacionais de pa\u00edses desenvolvidos.<\/p>\n<p style=\"text-align: justify;\">A edi\u00e7\u00e3o impressa do\u00a0<strong>Washington Post<\/strong> desta 4\u00aa feira traz uma reportagem sobre o discurso do presidente dos EUA, Joe Biden na ONU.<\/p>\n<p style=\"text-align: justify;\">N\u00e3o faz men\u00e7\u00e3o a Lula ou ao Brasil.<\/p>\n<p style=\"text-align: justify;\"><strong>New York Times (EUA)<\/strong><\/p>\n<p style=\"text-align: justify;\">O principal jornal dos EUA fez uma cobertura jornal\u00edstica em tempo real da Assembleia da ONU.<\/p>\n<p style=\"text-align: justify;\">O ve\u00edculo ignorou Lula.<\/p>\n<p style=\"text-align: justify;\"><strong>Guardian (Reino Unido)<\/strong><\/p>\n<p style=\"text-align: justify;\">Deu destaque para a guerra na Ucr\u00e2nia em sua cobertura jornal\u00edstica da Assembleia Geral da ONU.<\/p>\n<p style=\"text-align: justify;\">Trouxe em sua vers\u00e3o impressa desta 4\u00aa feira (25.set) reportagens citando o discurso do presidente ucraniano, Volodymyr Zelensky, ao Conselho de Seguran\u00e7a, e o de Joe Biden.<\/p>\n<p style=\"text-align: justify;\"><strong>Le Figaro (Fran\u00e7a)<\/strong><\/p>\n<p style=\"text-align: justify;\">Como muitos ve\u00edculos de m\u00eddia de pa\u00edses desenvolvidos, o destaque foi para o \u00faltimo discurso de Joe Biden como presidente dos EUA.<\/p>\n<p style=\"text-align: justify;\"><strong>El Pa\u00eds (Espanha)<\/strong><\/p>\n<p style=\"text-align: justify;\">Tanto a vers\u00e3o impressa desta 4\u00aa feira (25.set) quanto a on-line do peri\u00f3dico espanhol deram destaque apenas para o discurso de Joe Biden.<\/p>\n<p style=\"text-align: justify;\"><strong>ABC (Espanha)<\/strong><\/p>\n<p style=\"text-align: justify;\">O jornal espanhol separou uma p\u00e1gina e meia para o discurso de Biden. O restante ficou para Guterres.<\/p>\n<p style=\"text-align: justify;\"><strong>Corriere della Sera (It\u00e1lia)<\/strong><\/p>\n<p style=\"text-align: justify;\">A vers\u00e3o impressa do italiano Corriere della Sera deu destaque para as declara\u00e7\u00f5es de Biden sobre o conflito entre R\u00fassia e Ucr\u00e2nia. Na cobertura jornal\u00edstica em tempo real da Assembleia Geral da ONU, o site do ve\u00edculo faz uma men\u00e7\u00e3o a Lula.<\/p>\n<p style=\"text-align: justify;\">Continue em nossa companhia. Veja mais not\u00edcias em: <a href=\"http:\/\/www.mspontocom.com.br\">www.mspontocom.com.br<\/a><\/p>\n<p style=\"text-align: justify;\">Instagram :\u00a0 @mspontocom<\/p>\n","protected":false},"excerpt":{"rendered":"<p>O discurso do presidente Lula durante a abertura da 79\u00aa Assembleia Geral da ONU,\u00a0 recebeu pouca aten\u00e7\u00e3o de ve\u00edculos de m\u00eddia internacionais de pa\u00edses desenvolvidos. A edi\u00e7\u00e3o impressa do\u00a0Washington Post desta 4\u00aa feira traz uma reportagem sobre o discurso do presidente dos EUA, Joe Biden na ONU. N\u00e3o faz men\u00e7\u00e3o a Lula ou ao Brasil. [&hellip;]<\/p>\n","protected":false},"author":2,"featured_media":194119,"comment_status":"open","ping_status":"open","sticky":false,"template":"","format":"standard","meta":{"_monsterinsights_skip_tracking":false,"_monsterinsights_sitenote_active":false,"_monsterinsights_sitenote_note":"","_monsterinsights_sitenote_category":0},"categories":[7,12],"tags":[30368,28931,480,15586,1684],"aioseo_notices":[],"_links":{"self":[{"href":"https:\/\/mspontocom.com.br\/site\/wp-json\/wp\/v2\/posts\/194107"}],"collection":[{"href":"https:\/\/mspontocom.com.br\/site\/wp-json\/wp\/v2\/posts"}],"about":[{"href":"https:\/\/mspontocom.com.br\/site\/wp-json\/wp\/v2\/types\/post"}],"author":[{"embeddable":true,"href":"https:\/\/mspontocom.com.br\/site\/wp-json\/wp\/v2\/users\/2"}],"replies":[{"embeddable":true,"href":"https:\/\/mspontocom.com.br\/site\/wp-json\/wp\/v2\/comments?post=194107"}],"version-history":[{"count":3,"href":"https:\/\/mspontocom.com.br\/site\/wp-json\/wp\/v2\/posts\/194107\/revisions"}],"predecessor-version":[{"id":194121,"href":"https:\/\/mspontocom.com.br\/site\/wp-json\/wp\/v2\/posts\/194107\/revisions\/194121"}],"wp:featuredmedia":[{"embeddable":true,"href":"https:\/\/mspontocom.com.br\/site\/wp-json\/wp\/v2\/media\/194119"}],"wp:attachment":[{"href":"https:\/\/mspontocom.com.br\/site\/wp-json\/wp\/v2\/media?parent=194107"}],"wp:term":[{"taxonomy":"category","embeddable":true,"href":"https:\/\/mspontocom.com.br\/site\/wp-json\/wp\/v2\/categories?post=194107"},{"taxonomy":"post_tag","embeddable":true,"href":"https:\/\/mspontocom.com.br\/site\/wp-json\/wp\/v2\/tags?post=194107"}],"curies":[{"name":"wp","href":"https:\/\/api.w.org\/{rel}","templated":true}]}}