{"id":194269,"date":"2024-09-30T06:00:10","date_gmt":"2024-09-30T10:00:10","guid":{"rendered":"https:\/\/mspontocom.com.br\/site\/?p=194269"},"modified":"2024-09-30T08:07:39","modified_gmt":"2024-09-30T12:07:39","slug":"ms-assina-em-r-23-bilhoes-com-o-bndes-e-reforca-investimento-no-vale-da-celulose","status":"publish","type":"post","link":"https:\/\/mspontocom.com.br\/site\/ms-assina-em-r-23-bilhoes-com-o-bndes-e-reforca-investimento-no-vale-da-celulose\/","title":{"rendered":"MS assina em R$ 2,3 bilh\u00f5es com o BNDES e refor\u00e7a investimento no Vale da Celulose"},"content":{"rendered":"<p style=\"text-align: justify;\"><img loading=\"lazy\" class=\"alignnone size-full wp-image-194271\" src=\"https:\/\/mspontocom.com.br\/site\/wp-content\/uploads\/2024\/09\/site-ms-assina-em-r-23-bilhoes-com-o-bndes-e-reforca-investimento-bndes-2-730x480-1.jpg\" alt=\"\" width=\"730\" height=\"480\" srcset=\"https:\/\/mspontocom.com.br\/site\/wp-content\/uploads\/2024\/09\/site-ms-assina-em-r-23-bilhoes-com-o-bndes-e-reforca-investimento-bndes-2-730x480-1.jpg 730w, https:\/\/mspontocom.com.br\/site\/wp-content\/uploads\/2024\/09\/site-ms-assina-em-r-23-bilhoes-com-o-bndes-e-reforca-investimento-bndes-2-730x480-1-260x171.jpg 260w\" sizes=\"(max-width: 730px) 100vw, 730px\" \/>O Governo de Mato Grosso do Sul assinou em Bras\u00edlia (DF) com o BNDES\u00a0 o contrato de financiamento de R$ 2,3 bilh\u00f5es para investimentos estrat\u00e9gicos na \u00e1rea de infraestrutura.<\/p>\n<p style=\"text-align: justify;\">A aplica\u00e7\u00e3o dos recursos ter\u00e1 foco especial na log\u00edstica rodovi\u00e1ria da regi\u00e3o leste, onde <a href=\"https:\/\/agenciadenoticias.ms.gov.br\/vale-da-celulose-expansao-em-ms-pode-ter-mais-fabricas-e-quase-100-mil-novos-empregos\/\">cresce o &#8216;Vale da Celulose&#8217;<\/a>.<\/p>\n<p style=\"text-align: justify;\">Ali, empreendimentos globais est\u00e3o atraindo significativamente o capital privado.<\/p>\n<p style=\"text-align: justify;\">Ao todo, 818 km de rodovias estaduais ser\u00e3o transformadas com o aporte do BNDES (projeto este que tem contrapartida de R$ 300 milh\u00f5es do Governo de Mato Grosso do Sul), sendo 569 km em novas pavimenta\u00e7\u00f5es &#8211; ou seja, asfaltamento de estradas ainda de ch\u00e3o &#8211; e 249 km em pistas que ser\u00e3o restauradas para receber o crescente tr\u00e1fego regional.<\/p>\n<p style=\"text-align: justify;\">Atualmente, j\u00e1 opera na regi\u00e3o as gigantes Suzano (duas f\u00e1bricas em Tr\u00eas Lagoas e a maior em Ribas do Rio Pardo) e Eldorado (Tr\u00eas Lagoas), enquanto a Arauco prepara para desembarcar em Inoc\u00eancia e a Bracell em \u00c1gua Clara.<\/p>\n<p style=\"text-align: justify;\">Tais empreendimentos movimentam bilh\u00f5es em recursos, gerando emprego, renda e atraindo outros investimentos.<\/p>\n<p style=\"text-align: justify;\">A previs\u00e3o \u00e9 que os novos empreendimentos na regi\u00e3o leste de Mato Grosso do Sul envolva um conjunto de 80 mil novos trabalhadores.<\/p>\n<p style=\"text-align: justify;\"><strong>Inova\u00e7\u00f5es nos projetos<\/strong><\/p>\n<p style=\"text-align: justify;\">Al\u00e9m de Eduardo Riedel, a assinatura contou com a presen\u00e7a do presidente da Rep\u00fablica, Luiz In\u00e1cio Lula da Silva, do presidente do BNDES, Alu\u00edzio Mercadante, da ministra Simone Tebet (Planejamento e Or\u00e7amento) e do governador cearense Elmano de Freitas.<\/p>\n<p style=\"text-align: justify;\">Mercadante ainda citou outros projetos sul-mato-grossenses que seguem sob a mesa do BNDES, como o que busca aumentar a infraestrutura de <a href=\"https:\/\/agenciadenoticias.ms.gov.br\/mato-grosso-do-sul-contrata-bndes-para-estudos-de-melhorias-na-distribuicao-de-gas-canalizado\/\">distribui\u00e7\u00e3o de g\u00e1s pela estatal MSG\u00c1S<\/a>, e tamb\u00e9m a que visa estruturar a\u00a0<a href=\"https:\/\/agenciadenoticias.ms.gov.br\/em-reuniao-no-bndes-governador-de-ms-avanca-em-pacote-de-obras-concessoes-e-fundo-para-o-pantanal\/\">PPP (Parceria P\u00fablico-privada) dos Parques<\/a>.<\/p>\n<p style=\"text-align: justify;\"><em>fonte: Nyelder Rodrigues, Comunica\u00e7\u00e3o\u00a0<\/em><br \/>\n<em>Fotos: Divulga\u00e7\u00e3o<\/em><\/p>\n","protected":false},"excerpt":{"rendered":"<p>O Governo de Mato Grosso do Sul assinou em Bras\u00edlia (DF) com o BNDES\u00a0 o contrato de financiamento de R$ 2,3 bilh\u00f5es para investimentos estrat\u00e9gicos na \u00e1rea de infraestrutura. A aplica\u00e7\u00e3o dos recursos ter\u00e1 foco especial na log\u00edstica rodovi\u00e1ria da regi\u00e3o leste, onde cresce o &#8216;Vale da Celulose&#8217;. Ali, empreendimentos globais est\u00e3o atraindo significativamente o [&hellip;]<\/p>\n","protected":false},"author":2,"featured_media":194271,"comment_status":"open","ping_status":"open","sticky":false,"template":"","format":"standard","meta":{"_monsterinsights_skip_tracking":false,"_monsterinsights_sitenote_active":false,"_monsterinsights_sitenote_note":"","_monsterinsights_sitenote_category":0},"categories":[74],"tags":[509,649,1630,38855],"aioseo_notices":[],"_links":{"self":[{"href":"https:\/\/mspontocom.com.br\/site\/wp-json\/wp\/v2\/posts\/194269"}],"collection":[{"href":"https:\/\/mspontocom.com.br\/site\/wp-json\/wp\/v2\/posts"}],"about":[{"href":"https:\/\/mspontocom.com.br\/site\/wp-json\/wp\/v2\/types\/post"}],"author":[{"embeddable":true,"href":"https:\/\/mspontocom.com.br\/site\/wp-json\/wp\/v2\/users\/2"}],"replies":[{"embeddable":true,"href":"https:\/\/mspontocom.com.br\/site\/wp-json\/wp\/v2\/comments?post=194269"}],"version-history":[{"count":2,"href":"https:\/\/mspontocom.com.br\/site\/wp-json\/wp\/v2\/posts\/194269\/revisions"}],"predecessor-version":[{"id":194272,"href":"https:\/\/mspontocom.com.br\/site\/wp-json\/wp\/v2\/posts\/194269\/revisions\/194272"}],"wp:featuredmedia":[{"embeddable":true,"href":"https:\/\/mspontocom.com.br\/site\/wp-json\/wp\/v2\/media\/194271"}],"wp:attachment":[{"href":"https:\/\/mspontocom.com.br\/site\/wp-json\/wp\/v2\/media?parent=194269"}],"wp:term":[{"taxonomy":"category","embeddable":true,"href":"https:\/\/mspontocom.com.br\/site\/wp-json\/wp\/v2\/categories?post=194269"},{"taxonomy":"post_tag","embeddable":true,"href":"https:\/\/mspontocom.com.br\/site\/wp-json\/wp\/v2\/tags?post=194269"}],"curies":[{"name":"wp","href":"https:\/\/api.w.org\/{rel}","templated":true}]}}