{"id":194285,"date":"2024-10-01T06:11:08","date_gmt":"2024-10-01T10:11:08","guid":{"rendered":"https:\/\/mspontocom.com.br\/site\/?p=194285"},"modified":"2024-10-01T07:27:08","modified_gmt":"2024-10-01T11:27:08","slug":"o-que-maduro-sabe-lula-se-irrita-ao-ser-perguntado-sobre-venezuela","status":"publish","type":"post","link":"https:\/\/mspontocom.com.br\/site\/o-que-maduro-sabe-lula-se-irrita-ao-ser-perguntado-sobre-venezuela\/","title":{"rendered":"O que Maduro sabe? Lula se irrita ao ser perguntado sobre Venezuela"},"content":{"rendered":"<p style=\"text-align: justify;\"><strong><img loading=\"lazy\" class=\"alignnone size-full wp-image-194294\" src=\"https:\/\/mspontocom.com.br\/site\/wp-content\/uploads\/2024\/10\/site-o-segredo-de-maduro-lula-se-irrita-ao-ser-indagado-sobre-venezuela-amaduro.jpeg\" alt=\"\" width=\"1024\" height=\"683\" srcset=\"https:\/\/mspontocom.com.br\/site\/wp-content\/uploads\/2024\/10\/site-o-segredo-de-maduro-lula-se-irrita-ao-ser-indagado-sobre-venezuela-amaduro.jpeg 1024w, https:\/\/mspontocom.com.br\/site\/wp-content\/uploads\/2024\/10\/site-o-segredo-de-maduro-lula-se-irrita-ao-ser-indagado-sobre-venezuela-amaduro-260x173.jpeg 260w, https:\/\/mspontocom.com.br\/site\/wp-content\/uploads\/2024\/10\/site-o-segredo-de-maduro-lula-se-irrita-ao-ser-indagado-sobre-venezuela-amaduro-768x512.jpeg 768w\" sizes=\"(max-width: 1024px) 100vw, 1024px\" \/>Corre nos bastidores pol\u00edticos que o ditador\u00a0 venezuelano Nicol\u00e1s Maduro sabe muito como foi a elei\u00e7\u00e3o de Lula em 2022.<\/strong><\/p>\n<p style=\"text-align: justify;\">Mais uma vez Lula se irritou durante conversa com jornalistas no M\u00e9xico, ao ser indagado sobre o motivo de n\u00e3o ter citado a crise na Venezuela em seu discurso na Assembleia Geral das Na\u00e7\u00f5es Unidas (ONU).<\/p>\n<p style=\"text-align: justify;\">\u201cPor que eu tenho que falar da Venezuela em todo lugar?\u201d. Eu falo o que me interessa falar. O discurso que eu queria fazer era aquele&#8221;,. recha\u00e7ou Lula.<\/p>\n<p style=\"text-align: justify;\">Lula ainda declarou que o Brasil vive, neste momento, uma \u201crela\u00e7\u00e3o diplom\u00e1tica muito forte\u201d.<\/p>\n<p style=\"text-align: justify;\">Argumentou que o ministro das Rela\u00e7\u00f5es Exteriores, Mauro Vieira, tem conversado com o chanceler da Venezuela.<\/p>\n<p style=\"text-align: justify;\">Continue em nossa companhia. Veja mais not\u00edcias em: <a href=\"http:\/\/www.mspontocom.com.br\">www.mspontocom.com.br<\/a><\/p>\n<p style=\"text-align: justify;\">Instagram :\u00a0 @mspontocom<\/p>\n","protected":false},"excerpt":{"rendered":"<p>Corre nos bastidores pol\u00edticos que o ditador\u00a0 venezuelano Nicol\u00e1s Maduro sabe muito como foi a elei\u00e7\u00e3o de Lula em 2022. Mais uma vez Lula se irritou durante conversa com jornalistas no M\u00e9xico, ao ser indagado sobre o motivo de n\u00e3o ter citado a crise na Venezuela em seu discurso na Assembleia Geral das Na\u00e7\u00f5es Unidas [&hellip;]<\/p>\n","protected":false},"author":2,"featured_media":194294,"comment_status":"open","ping_status":"open","sticky":false,"template":"","format":"standard","meta":{"_monsterinsights_skip_tracking":false,"_monsterinsights_sitenote_active":false,"_monsterinsights_sitenote_note":"","_monsterinsights_sitenote_category":0},"categories":[30260,7,30259,12],"tags":[41967,41966,480,29082,24405,1310],"aioseo_notices":[],"_links":{"self":[{"href":"https:\/\/mspontocom.com.br\/site\/wp-json\/wp\/v2\/posts\/194285"}],"collection":[{"href":"https:\/\/mspontocom.com.br\/site\/wp-json\/wp\/v2\/posts"}],"about":[{"href":"https:\/\/mspontocom.com.br\/site\/wp-json\/wp\/v2\/types\/post"}],"author":[{"embeddable":true,"href":"https:\/\/mspontocom.com.br\/site\/wp-json\/wp\/v2\/users\/2"}],"replies":[{"embeddable":true,"href":"https:\/\/mspontocom.com.br\/site\/wp-json\/wp\/v2\/comments?post=194285"}],"version-history":[{"count":3,"href":"https:\/\/mspontocom.com.br\/site\/wp-json\/wp\/v2\/posts\/194285\/revisions"}],"predecessor-version":[{"id":194295,"href":"https:\/\/mspontocom.com.br\/site\/wp-json\/wp\/v2\/posts\/194285\/revisions\/194295"}],"wp:featuredmedia":[{"embeddable":true,"href":"https:\/\/mspontocom.com.br\/site\/wp-json\/wp\/v2\/media\/194294"}],"wp:attachment":[{"href":"https:\/\/mspontocom.com.br\/site\/wp-json\/wp\/v2\/media?parent=194285"}],"wp:term":[{"taxonomy":"category","embeddable":true,"href":"https:\/\/mspontocom.com.br\/site\/wp-json\/wp\/v2\/categories?post=194285"},{"taxonomy":"post_tag","embeddable":true,"href":"https:\/\/mspontocom.com.br\/site\/wp-json\/wp\/v2\/tags?post=194285"}],"curies":[{"name":"wp","href":"https:\/\/api.w.org\/{rel}","templated":true}]}}