{"id":194315,"date":"2024-10-02T07:27:38","date_gmt":"2024-10-02T11:27:38","guid":{"rendered":"https:\/\/mspontocom.com.br\/site\/?p=194315"},"modified":"2024-10-02T09:41:14","modified_gmt":"2024-10-02T13:41:14","slug":"governo-ms-promove-acoes-para-integrar-idosos-ao-mercado-de-trabalho","status":"publish","type":"post","link":"https:\/\/mspontocom.com.br\/site\/governo-ms-promove-acoes-para-integrar-idosos-ao-mercado-de-trabalho\/","title":{"rendered":"Governo MS promove a\u00e7\u00f5es para integrar idosos ao mercado de trabalho"},"content":{"rendered":"<p style=\"text-align: justify;\"><img loading=\"lazy\" class=\"alignnone size-full wp-image-194337\" src=\"https:\/\/mspontocom.com.br\/site\/wp-content\/uploads\/2024\/10\/site-governo-ms-promove-acoes-para-integrar-idosos-ao-mercado-formal-de-trabalho-idoso.jpg\" alt=\"\" width=\"279\" height=\"181\" srcset=\"https:\/\/mspontocom.com.br\/site\/wp-content\/uploads\/2024\/10\/site-governo-ms-promove-acoes-para-integrar-idosos-ao-mercado-formal-de-trabalho-idoso.jpg 279w, https:\/\/mspontocom.com.br\/site\/wp-content\/uploads\/2024\/10\/site-governo-ms-promove-acoes-para-integrar-idosos-ao-mercado-formal-de-trabalho-idoso-260x169.jpg 260w\" sizes=\"(max-width: 279px) 100vw, 279px\" \/><\/p>\n<p style=\"text-align: justify;\">A Funtrab, vinculada \u00e0 Semades, \u00f3rg\u00e3o do Governo de Mato Grosso do Sul, por meio de a\u00e7\u00f5es inclusivas e de pol\u00edticas p\u00fablicas voltadas \u00e0 gera\u00e7\u00e3o de emprego e renda, tem buscado integrar os idosos ao mercado formal e informal de trabalho.<\/p>\n<p style=\"text-align: justify;\">Atrav\u00e9s de suas unidades pelo interior do Estado(Casas do Trabalhador) e programas de qualifica\u00e7\u00e3o profissional \u2013 MS Qualifica, a Funda\u00e7\u00e3o oferece orienta\u00e7\u00f5es, cursos e intermedia\u00e7\u00e3o de vagas, conectando pessoas idosas com oportunidades adequadas ao seu perfil profissional.<\/p>\n<p style=\"text-align: justify;\">O envelhecimento ativo, conceito amplamente difundido por \u00f3rg\u00e3os internacionais, \u00e9 um dos pilares dessas iniciativas.<\/p>\n<p style=\"text-align: justify;\">A participa\u00e7\u00e3o cont\u00ednua dos idosos na sociedade, n\u00e3o apenas do ponto de vista econ\u00f4mico, mas tamb\u00e9m social e cultural, garante que permane\u00e7am produtivos e integrados \u00e0 comunidade.<\/p>\n<p style=\"text-align: justify;\">A expectativa de vida em Mato Grosso do Sul, conforme dados do IBGE (Instituto Brasileiro de Geografia e Estat\u00edstica) de 2021, \u00e9 de aproximadamente 76 anos.<\/p>\n<p style=\"text-align: justify;\">Em comemora\u00e7\u00e3o ao Dia Internacional da Pessoa Idosa, em parceria com o Conselho Estadual dos Direitos da Pessoa Idosa, a Funtrab esteve presente na Pra\u00e7a Ary Coelho e encaminhou os interessados ao Feir\u00e3o da Empregabilidade da Funtrab, promovido nas ter\u00e7as-feiras.<\/p>\n<p style=\"text-align: justify;\">Continue em nossa companhia. Veja mais not\u00edcias em: <a href=\"http:\/\/www.mspontocom.com.br\">www.mspontocom.com.br<\/a><\/p>\n<p style=\"text-align: justify;\">Instagram :\u00a0 @mspontocom<\/p>\n","protected":false},"excerpt":{"rendered":"<p>A Funtrab, vinculada \u00e0 Semades, \u00f3rg\u00e3o do Governo de Mato Grosso do Sul, por meio de a\u00e7\u00f5es inclusivas e de pol\u00edticas p\u00fablicas voltadas \u00e0 gera\u00e7\u00e3o de emprego e renda, tem buscado integrar os idosos ao mercado formal e informal de trabalho. Atrav\u00e9s de suas unidades pelo interior do Estado(Casas do Trabalhador) e programas de qualifica\u00e7\u00e3o [&hellip;]<\/p>\n","protected":false},"author":2,"featured_media":194337,"comment_status":"open","ping_status":"open","sticky":false,"template":"","format":"standard","meta":{"_monsterinsights_skip_tracking":false,"_monsterinsights_sitenote_active":false,"_monsterinsights_sitenote_note":"","_monsterinsights_sitenote_category":0},"categories":[74],"tags":[1999,649,1610,7590],"aioseo_notices":[],"_links":{"self":[{"href":"https:\/\/mspontocom.com.br\/site\/wp-json\/wp\/v2\/posts\/194315"}],"collection":[{"href":"https:\/\/mspontocom.com.br\/site\/wp-json\/wp\/v2\/posts"}],"about":[{"href":"https:\/\/mspontocom.com.br\/site\/wp-json\/wp\/v2\/types\/post"}],"author":[{"embeddable":true,"href":"https:\/\/mspontocom.com.br\/site\/wp-json\/wp\/v2\/users\/2"}],"replies":[{"embeddable":true,"href":"https:\/\/mspontocom.com.br\/site\/wp-json\/wp\/v2\/comments?post=194315"}],"version-history":[{"count":2,"href":"https:\/\/mspontocom.com.br\/site\/wp-json\/wp\/v2\/posts\/194315\/revisions"}],"predecessor-version":[{"id":194338,"href":"https:\/\/mspontocom.com.br\/site\/wp-json\/wp\/v2\/posts\/194315\/revisions\/194338"}],"wp:featuredmedia":[{"embeddable":true,"href":"https:\/\/mspontocom.com.br\/site\/wp-json\/wp\/v2\/media\/194337"}],"wp:attachment":[{"href":"https:\/\/mspontocom.com.br\/site\/wp-json\/wp\/v2\/media?parent=194315"}],"wp:term":[{"taxonomy":"category","embeddable":true,"href":"https:\/\/mspontocom.com.br\/site\/wp-json\/wp\/v2\/categories?post=194315"},{"taxonomy":"post_tag","embeddable":true,"href":"https:\/\/mspontocom.com.br\/site\/wp-json\/wp\/v2\/tags?post=194315"}],"curies":[{"name":"wp","href":"https:\/\/api.w.org\/{rel}","templated":true}]}}